{"id":9327,"date":"2021-01-06T09:43:14","date_gmt":"2021-01-06T08:43:14","guid":{"rendered":"https:\/\/ecole-saint-aubin.fr\/?p=9327"},"modified":"2021-01-06T09:43:14","modified_gmt":"2021-01-06T08:43:14","slug":"lannee-2021-commence-en-beaute-avec-les-alphas","status":"publish","type":"post","link":"https:\/\/ecole-saint-aubin.fr\/index.php\/2021\/01\/06\/lannee-2021-commence-en-beaute-avec-les-alphas\/","title":{"rendered":"L&rsquo;ann\u00e9e 2021 commence en beaut\u00e9 avec les Alphas"},"content":{"rendered":"<p>Mardi 6 janvier, les \u00e9l\u00e8ves de MS ont d\u00e9couvert le dessin anim\u00e9 des Alphas.<\/p>\n<p>Les \u00e9l\u00e8ves de GS, quant \u00e0 eux, l&rsquo;ont regard\u00e9 de nouveau avec un vrai plaisir.<\/p>\n<p>L&rsquo;attention de chacune et chacun \u00e9tait \u00e0 son comble, comme le montre les photos ci-dessous.<\/p>\n\n\t\t<style type=\"text\/css\">\n\t\t\t#gallery-1 {\n\t\t\t\tmargin: auto;\n\t\t\t}\n\t\t\t#gallery-1 .gallery-item {\n\t\t\t\tfloat: left;\n\t\t\t\tmargin-top: 10px;\n\t\t\t\ttext-align: center;\n\t\t\t\twidth: 33%;\n\t\t\t}\n\t\t\t#gallery-1 img {\n\t\t\t\tborder: 2px solid #cfcfcf;\n\t\t\t}\n\t\t\t#gallery-1 .gallery-caption {\n\t\t\t\tmargin-left: 0;\n\t\t\t}\n\t\t\t\/* see gallery_shortcode() in wp-includes\/media.php *\/\n\t\t<\/style>\n\t\t<div id='gallery-1' class='gallery galleryid-9327 gallery-columns-3 gallery-size-medium'><dl class='gallery-item'>\n\t\t\t<dt class='gallery-icon landscape'>\n\t\t\t\t<a href='https:\/\/ecole-saint-aubin.fr\/index.php\/2021\/01\/06\/lannee-2021-commence-en-beaute-avec-les-alphas\/img_1432\/#main'><img loading=\"lazy\" decoding=\"async\" width=\"300\" height=\"225\" src=\"https:\/\/ecole-saint-aubin.fr\/wp-content\/uploads\/2021\/01\/IMG_1432-300x225.jpg\" class=\"attachment-medium size-medium\" alt=\"\" srcset=\"https:\/\/ecole-saint-aubin.fr\/wp-content\/uploads\/2021\/01\/IMG_1432-300x225.jpg 300w, https:\/\/ecole-saint-aubin.fr\/wp-content\/uploads\/2021\/01\/IMG_1432-1024x768.jpg 1024w, https:\/\/ecole-saint-aubin.fr\/wp-content\/uploads\/2021\/01\/IMG_1432-768x576.jpg 768w, https:\/\/ecole-saint-aubin.fr\/wp-content\/uploads\/2021\/01\/IMG_1432-1536x1152.jpg 1536w, https:\/\/ecole-saint-aubin.fr\/wp-content\/uploads\/2021\/01\/IMG_1432-2048x1536.jpg 2048w\" sizes=\"(max-width: 300px) 100vw, 300px\" \/><\/a>\n\t\t\t<\/dt><\/dl><dl class='gallery-item'>\n\t\t\t<dt class='gallery-icon portrait'>\n\t\t\t\t<a href='https:\/\/ecole-saint-aubin.fr\/index.php\/2021\/01\/06\/lannee-2021-commence-en-beaute-avec-les-alphas\/img_1434\/#main'><img loading=\"lazy\" decoding=\"async\" width=\"225\" height=\"300\" src=\"https:\/\/ecole-saint-aubin.fr\/wp-content\/uploads\/2021\/01\/IMG_1434-225x300.jpg\" class=\"attachment-medium size-medium\" alt=\"\" srcset=\"https:\/\/ecole-saint-aubin.fr\/wp-content\/uploads\/2021\/01\/IMG_1434-225x300.jpg 225w, https:\/\/ecole-saint-aubin.fr\/wp-content\/uploads\/2021\/01\/IMG_1434-768x1024.jpg 768w, https:\/\/ecole-saint-aubin.fr\/wp-content\/uploads\/2021\/01\/IMG_1434-1152x1536.jpg 1152w, https:\/\/ecole-saint-aubin.fr\/wp-content\/uploads\/2021\/01\/IMG_1434-1536x2048.jpg 1536w, https:\/\/ecole-saint-aubin.fr\/wp-content\/uploads\/2021\/01\/IMG_1434-scaled.jpg 1920w\" sizes=\"(max-width: 225px) 100vw, 225px\" \/><\/a>\n\t\t\t<\/dt><\/dl><dl class='gallery-item'>\n\t\t\t<dt class='gallery-icon portrait'>\n\t\t\t\t<a href='https:\/\/ecole-saint-aubin.fr\/index.php\/2021\/01\/06\/lannee-2021-commence-en-beaute-avec-les-alphas\/img_1436\/#main'><img loading=\"lazy\" decoding=\"async\" width=\"225\" height=\"300\" src=\"https:\/\/ecole-saint-aubin.fr\/wp-content\/uploads\/2021\/01\/IMG_1436-225x300.jpg\" class=\"attachment-medium size-medium\" alt=\"\" srcset=\"https:\/\/ecole-saint-aubin.fr\/wp-content\/uploads\/2021\/01\/IMG_1436-225x300.jpg 225w, https:\/\/ecole-saint-aubin.fr\/wp-content\/uploads\/2021\/01\/IMG_1436-768x1024.jpg 768w, https:\/\/ecole-saint-aubin.fr\/wp-content\/uploads\/2021\/01\/IMG_1436-1152x1536.jpg 1152w, https:\/\/ecole-saint-aubin.fr\/wp-content\/uploads\/2021\/01\/IMG_1436-1536x2048.jpg 1536w, https:\/\/ecole-saint-aubin.fr\/wp-content\/uploads\/2021\/01\/IMG_1436-scaled.jpg 1920w\" sizes=\"(max-width: 225px) 100vw, 225px\" \/><\/a>\n\t\t\t<\/dt><\/dl><br style=\"clear: both\" \/><dl class='gallery-item'>\n\t\t\t<dt class='gallery-icon portrait'>\n\t\t\t\t<a href='https:\/\/ecole-saint-aubin.fr\/index.php\/2021\/01\/06\/lannee-2021-commence-en-beaute-avec-les-alphas\/img_1437\/#main'><img loading=\"lazy\" decoding=\"async\" width=\"225\" height=\"300\" src=\"https:\/\/ecole-saint-aubin.fr\/wp-content\/uploads\/2021\/01\/IMG_1437-225x300.jpg\" class=\"attachment-medium size-medium\" alt=\"\" srcset=\"https:\/\/ecole-saint-aubin.fr\/wp-content\/uploads\/2021\/01\/IMG_1437-225x300.jpg 225w, https:\/\/ecole-saint-aubin.fr\/wp-content\/uploads\/2021\/01\/IMG_1437-768x1024.jpg 768w, https:\/\/ecole-saint-aubin.fr\/wp-content\/uploads\/2021\/01\/IMG_1437-1152x1536.jpg 1152w, https:\/\/ecole-saint-aubin.fr\/wp-content\/uploads\/2021\/01\/IMG_1437-1536x2048.jpg 1536w, https:\/\/ecole-saint-aubin.fr\/wp-content\/uploads\/2021\/01\/IMG_1437-scaled.jpg 1920w\" sizes=\"(max-width: 225px) 100vw, 225px\" \/><\/a>\n\t\t\t<\/dt><\/dl><dl class='gallery-item'>\n\t\t\t<dt class='gallery-icon portrait'>\n\t\t\t\t<a href='https:\/\/ecole-saint-aubin.fr\/index.php\/2021\/01\/06\/lannee-2021-commence-en-beaute-avec-les-alphas\/img_1438\/#main'><img loading=\"lazy\" decoding=\"async\" width=\"225\" height=\"300\" src=\"https:\/\/ecole-saint-aubin.fr\/wp-content\/uploads\/2021\/01\/IMG_1438-225x300.jpg\" class=\"attachment-medium size-medium\" alt=\"\" srcset=\"https:\/\/ecole-saint-aubin.fr\/wp-content\/uploads\/2021\/01\/IMG_1438-225x300.jpg 225w, https:\/\/ecole-saint-aubin.fr\/wp-content\/uploads\/2021\/01\/IMG_1438-768x1024.jpg 768w, https:\/\/ecole-saint-aubin.fr\/wp-content\/uploads\/2021\/01\/IMG_1438-1152x1536.jpg 1152w, https:\/\/ecole-saint-aubin.fr\/wp-content\/uploads\/2021\/01\/IMG_1438-1536x2048.jpg 1536w, https:\/\/ecole-saint-aubin.fr\/wp-content\/uploads\/2021\/01\/IMG_1438-scaled.jpg 1920w\" sizes=\"(max-width: 225px) 100vw, 225px\" \/><\/a>\n\t\t\t<\/dt><\/dl><dl class='gallery-item'>\n\t\t\t<dt class='gallery-icon landscape'>\n\t\t\t\t<a href='https:\/\/ecole-saint-aubin.fr\/index.php\/2021\/01\/06\/lannee-2021-commence-en-beaute-avec-les-alphas\/img_1439\/#main'><img loading=\"lazy\" decoding=\"async\" width=\"300\" height=\"225\" src=\"https:\/\/ecole-saint-aubin.fr\/wp-content\/uploads\/2021\/01\/IMG_1439-300x225.jpg\" class=\"attachment-medium size-medium\" alt=\"\" srcset=\"https:\/\/ecole-saint-aubin.fr\/wp-content\/uploads\/2021\/01\/IMG_1439-300x225.jpg 300w, https:\/\/ecole-saint-aubin.fr\/wp-content\/uploads\/2021\/01\/IMG_1439-1024x768.jpg 1024w, https:\/\/ecole-saint-aubin.fr\/wp-content\/uploads\/2021\/01\/IMG_1439-768x576.jpg 768w, https:\/\/ecole-saint-aubin.fr\/wp-content\/uploads\/2021\/01\/IMG_1439-1536x1152.jpg 1536w, https:\/\/ecole-saint-aubin.fr\/wp-content\/uploads\/2021\/01\/IMG_1439-2048x1536.jpg 2048w\" sizes=\"(max-width: 300px) 100vw, 300px\" \/><\/a>\n\t\t\t<\/dt><\/dl><br style=\"clear: both\" \/>\n\t\t<\/div>\n\n<p>Voici le lien qui vous permettra de le revoir avec votre enfant:<\/p>\n<p><iframe loading=\"lazy\" title=\"Dessin anim\u00e9 du conte &quot;La plan\u00e8te des Alphas&quot;\" width=\"1170\" height=\"878\" src=\"https:\/\/www.youtube.com\/embed\/qrxIsxl6sWw?feature=oembed\" frameborder=\"0\" allow=\"accelerometer; autoplay; clipboard-write; encrypted-media; gyroscope; picture-in-picture\" allowfullscreen><\/iframe><\/p>\n","protected":false},"excerpt":{"rendered":"<p>Mardi 6 janvier, les \u00e9l\u00e8ves de MS ont d\u00e9couvert le dessin anim\u00e9 des Alphas. Les \u00e9l\u00e8ves de GS, quant \u00e0 eux, l&rsquo;ont regard\u00e9 de nouveau avec un vrai plaisir. L&rsquo;attention de chacune et chacun \u00e9tait \u00e0 son comble, comme le montre les photos ci-dessous. Voici le lien qui vous permettra de le revoir avec votre<\/p>\n<p><a href=\"https:\/\/ecole-saint-aubin.fr\/index.php\/2021\/01\/06\/lannee-2021-commence-en-beaute-avec-les-alphas\/\" class=\"more-link themebutton\">Lire la suite<\/a><\/p>\n","protected":false},"author":8,"featured_media":9331,"comment_status":"closed","ping_status":"closed","sticky":false,"template":"","format":"standard","meta":{"ngg_post_thumbnail":0,"footnotes":""},"categories":[42,7,28,34],"tags":[],"_links":{"self":[{"href":"https:\/\/ecole-saint-aubin.fr\/index.php\/wp-json\/wp\/v2\/posts\/9327"}],"collection":[{"href":"https:\/\/ecole-saint-aubin.fr\/index.php\/wp-json\/wp\/v2\/posts"}],"about":[{"href":"https:\/\/ecole-saint-aubin.fr\/index.php\/wp-json\/wp\/v2\/types\/post"}],"author":[{"embeddable":true,"href":"https:\/\/ecole-saint-aubin.fr\/index.php\/wp-json\/wp\/v2\/users\/8"}],"replies":[{"embeddable":true,"href":"https:\/\/ecole-saint-aubin.fr\/index.php\/wp-json\/wp\/v2\/comments?post=9327"}],"version-history":[{"count":1,"href":"https:\/\/ecole-saint-aubin.fr\/index.php\/wp-json\/wp\/v2\/posts\/9327\/revisions"}],"predecessor-version":[{"id":9334,"href":"https:\/\/ecole-saint-aubin.fr\/index.php\/wp-json\/wp\/v2\/posts\/9327\/revisions\/9334"}],"wp:featuredmedia":[{"embeddable":true,"href":"https:\/\/ecole-saint-aubin.fr\/index.php\/wp-json\/wp\/v2\/media\/9331"}],"wp:attachment":[{"href":"https:\/\/ecole-saint-aubin.fr\/index.php\/wp-json\/wp\/v2\/media?parent=9327"}],"wp:term":[{"taxonomy":"category","embeddable":true,"href":"https:\/\/ecole-saint-aubin.fr\/index.php\/wp-json\/wp\/v2\/categories?post=9327"},{"taxonomy":"post_tag","embeddable":true,"href":"https:\/\/ecole-saint-aubin.fr\/index.php\/wp-json\/wp\/v2\/tags?post=9327"}],"curies":[{"name":"wp","href":"https:\/\/api.w.org\/{rel}","templated":true}]}}