{"id":8106,"date":"2020-03-17T15:54:41","date_gmt":"2020-03-17T14:54:41","guid":{"rendered":"https:\/\/ecole-saint-aubin.fr\/?p=8106"},"modified":"2020-03-17T15:54:41","modified_gmt":"2020-03-17T14:54:41","slug":"mot-mis-dans-les-pochettes-le-vendredi-13-mars","status":"publish","type":"post","link":"https:\/\/ecole-saint-aubin.fr\/index.php\/2020\/03\/17\/mot-mis-dans-les-pochettes-le-vendredi-13-mars\/","title":{"rendered":"Mot mis dans les pochettes le vendredi 13 mars"},"content":{"rendered":"<p>Chers Parents,<\/p>\n<p>&nbsp;<\/p>\n<p>Suite \u00e0 l\u2019annonce de la fermeture des \u00e9coles, je vous indique le travail que les \u00e9l\u00e8ves doivent faire lors des 15 premiers jours&nbsp;: &nbsp;<\/p>\n<p>&nbsp;<\/p>\n<ul>\n<li><u>Fiches de plan de travail (PDT)&nbsp;: <\/u><\/li>\n<li>L\u2019\u00e9l\u00e8ve commence par lire et apprendre la le\u00e7on. Il peut aussi regarder une petite vid\u00e9o didactique sur la notion, sur le site internet&nbsp;:<\/li>\n<\/ul>\n<p><strong><em>r\u00e9seau canop\u00e9&nbsp;; Les Fondamentaux (<\/em><\/strong><a href=\"https:\/\/www.reseau-canope.fr\/\"><strong><em>https:\/\/www.reseau-canope.fr<\/em><\/strong><\/a><strong><em>)<\/em><\/strong><\/p>\n<ul>\n<li><em>Faire les exercices en ligne sur la classe num\u00e9rique s\u2019il y en a dans le PDT. <\/em><\/li>\n<li><em>Faire la fiche de travail.<\/em><\/li>\n<li><u>Apprendre la po\u00e9sie<\/u><\/li>\n<li><u>Lecture \u00ab&nbsp;C\u2019est bien&nbsp;\u00bb P. Delerm <\/u><\/li>\n<li><u>Revoir&nbsp;: <\/u><\/li>\n<li>les tables de multiplication (X1 \u00e0 X11)<\/li>\n<li>chaque semaine apprendre les mots P4 ( pour la semaine prochaine c\u2019est la s\u00e9rie 2)<\/li>\n<li>finir la fiche de probl\u00e8mes (recherches)<\/li>\n<li>finir la fiche des op\u00e9rations (blasons)<\/li>\n<\/ul>\n<p><strong><em>&nbsp;<\/em><\/strong><\/p>\n<p>Merci de consulter r\u00e9guli\u00e8rement le site internet de l\u2019\u00e9cole&nbsp;: <strong><em><u>https:\/\/ecole-saint-aubin.fr<\/u><\/em><\/strong>. Si ce temps se prolongeait, je serais sans doute amen\u00e9e \u00e0 mettre le travail en ligne.<\/p>\n<p>&nbsp;<\/p>\n<p>Merci de votre compr\u00e9hension.<\/p>\n<p>Cordialement.<\/p>\n<p>&nbsp;<\/p>\n<p>Lise LEDUC<\/p>\n","protected":false},"excerpt":{"rendered":"<p>Chers Parents, &nbsp; Suite \u00e0 l\u2019annonce de la fermeture des \u00e9coles, je vous indique le travail que les \u00e9l\u00e8ves doivent faire lors des 15 premiers jours&nbsp;: &nbsp; &nbsp; Fiches de plan de travail (PDT)&nbsp;: L\u2019\u00e9l\u00e8ve commence par lire et apprendre la le\u00e7on. Il peut aussi regarder une petite vid\u00e9o didactique sur la notion, sur le<\/p>\n<p><a href=\"https:\/\/ecole-saint-aubin.fr\/index.php\/2020\/03\/17\/mot-mis-dans-les-pochettes-le-vendredi-13-mars\/\" class=\"more-link themebutton\">Lire la suite<\/a><\/p>\n","protected":false},"author":2,"featured_media":0,"comment_status":"closed","ping_status":"closed","sticky":false,"template":"","format":"standard","meta":{"ngg_post_thumbnail":0,"footnotes":""},"categories":[45],"tags":[],"_links":{"self":[{"href":"https:\/\/ecole-saint-aubin.fr\/index.php\/wp-json\/wp\/v2\/posts\/8106"}],"collection":[{"href":"https:\/\/ecole-saint-aubin.fr\/index.php\/wp-json\/wp\/v2\/posts"}],"about":[{"href":"https:\/\/ecole-saint-aubin.fr\/index.php\/wp-json\/wp\/v2\/types\/post"}],"author":[{"embeddable":true,"href":"https:\/\/ecole-saint-aubin.fr\/index.php\/wp-json\/wp\/v2\/users\/2"}],"replies":[{"embeddable":true,"href":"https:\/\/ecole-saint-aubin.fr\/index.php\/wp-json\/wp\/v2\/comments?post=8106"}],"version-history":[{"count":1,"href":"https:\/\/ecole-saint-aubin.fr\/index.php\/wp-json\/wp\/v2\/posts\/8106\/revisions"}],"predecessor-version":[{"id":8107,"href":"https:\/\/ecole-saint-aubin.fr\/index.php\/wp-json\/wp\/v2\/posts\/8106\/revisions\/8107"}],"wp:attachment":[{"href":"https:\/\/ecole-saint-aubin.fr\/index.php\/wp-json\/wp\/v2\/media?parent=8106"}],"wp:term":[{"taxonomy":"category","embeddable":true,"href":"https:\/\/ecole-saint-aubin.fr\/index.php\/wp-json\/wp\/v2\/categories?post=8106"},{"taxonomy":"post_tag","embeddable":true,"href":"https:\/\/ecole-saint-aubin.fr\/index.php\/wp-json\/wp\/v2\/tags?post=8106"}],"curies":[{"name":"wp","href":"https:\/\/api.w.org\/{rel}","templated":true}]}}