{"id":7710,"date":"2019-12-20T21:18:00","date_gmt":"2019-12-20T20:18:00","guid":{"rendered":"https:\/\/ecole-saint-aubin.fr\/?p=7710"},"modified":"2019-12-21T10:19:34","modified_gmt":"2019-12-21T09:19:34","slug":"celebration-de-noel-2","status":"publish","type":"post","link":"https:\/\/ecole-saint-aubin.fr\/index.php\/2019\/12\/20\/celebration-de-noel-2\/","title":{"rendered":"C\u00e9l\u00e9bration de No\u00ebl"},"content":{"rendered":"<p>Jeudi matin, toute l&rsquo;\u00e9cole s&rsquo;est rendue \u00e0 l&rsquo;\u00e9glise de la Chevallerais pour f\u00eater No\u00ebl.&nbsp;<\/p>\n<p>L&rsquo;occasion pour les enfants de chanter, de prier, d&rsquo;\u00e9couter et de comprendre l&rsquo;histoire de No\u00ebl. Ils ont aussi pu apporter les jouets r\u00e9colt\u00e9s pour l&rsquo;association du \u00ab\u00a0P\u00e8re-No\u00ebl vert\u00a0\u00bb. Une belle action de solidarit\u00e9 en cette p\u00e9riode de f\u00eates et de partage.&nbsp;<\/p>\n<div style=\"width: 1170px;\" class=\"wp-video\"><!--[if lt IE 9]><script>document.createElement('video');<\/script><![endif]-->\n<video class=\"wp-video-shortcode\" id=\"video-7710-1\" width=\"1170\" height=\"658\" preload=\"metadata\" controls=\"controls\"><source type=\"video\/mp4\" src=\"https:\/\/ecole-saint-aubin.fr\/wp-content\/uploads\/2019\/12\/IMG_1510.m4v?_=1\" \/><a href=\"https:\/\/ecole-saint-aubin.fr\/wp-content\/uploads\/2019\/12\/IMG_1510.m4v\">https:\/\/ecole-saint-aubin.fr\/wp-content\/uploads\/2019\/12\/IMG_1510.m4v<\/a><\/video><\/div>\nngg_shortcode_0_placeholder\n","protected":false},"excerpt":{"rendered":"<p>Jeudi matin, toute l&rsquo;\u00e9cole s&rsquo;est rendue \u00e0 l&rsquo;\u00e9glise de la Chevallerais pour f\u00eater No\u00ebl.&nbsp; L&rsquo;occasion pour les enfants de chanter, de prier, d&rsquo;\u00e9couter et de comprendre l&rsquo;histoire de No\u00ebl. Ils ont aussi pu apporter les jouets r\u00e9colt\u00e9s pour l&rsquo;association du \u00ab\u00a0P\u00e8re-No\u00ebl vert\u00a0\u00bb. Une belle action de solidarit\u00e9 en cette p\u00e9riode de f\u00eates et de partage.&nbsp;<\/p>\n<p><a href=\"https:\/\/ecole-saint-aubin.fr\/index.php\/2019\/12\/20\/celebration-de-noel-2\/\" class=\"more-link themebutton\">Lire la suite<\/a><\/p>\n","protected":false},"author":2,"featured_media":7715,"comment_status":"closed","ping_status":"closed","sticky":false,"template":"","format":"standard","meta":{"ngg_post_thumbnail":0,"footnotes":""},"categories":[26,25,27,28,29],"tags":[],"_links":{"self":[{"href":"https:\/\/ecole-saint-aubin.fr\/index.php\/wp-json\/wp\/v2\/posts\/7710"}],"collection":[{"href":"https:\/\/ecole-saint-aubin.fr\/index.php\/wp-json\/wp\/v2\/posts"}],"about":[{"href":"https:\/\/ecole-saint-aubin.fr\/index.php\/wp-json\/wp\/v2\/types\/post"}],"author":[{"embeddable":true,"href":"https:\/\/ecole-saint-aubin.fr\/index.php\/wp-json\/wp\/v2\/users\/2"}],"replies":[{"embeddable":true,"href":"https:\/\/ecole-saint-aubin.fr\/index.php\/wp-json\/wp\/v2\/comments?post=7710"}],"version-history":[{"count":4,"href":"https:\/\/ecole-saint-aubin.fr\/index.php\/wp-json\/wp\/v2\/posts\/7710\/revisions"}],"predecessor-version":[{"id":7754,"href":"https:\/\/ecole-saint-aubin.fr\/index.php\/wp-json\/wp\/v2\/posts\/7710\/revisions\/7754"}],"wp:featuredmedia":[{"embeddable":true,"href":"https:\/\/ecole-saint-aubin.fr\/index.php\/wp-json\/wp\/v2\/media\/7715"}],"wp:attachment":[{"href":"https:\/\/ecole-saint-aubin.fr\/index.php\/wp-json\/wp\/v2\/media?parent=7710"}],"wp:term":[{"taxonomy":"category","embeddable":true,"href":"https:\/\/ecole-saint-aubin.fr\/index.php\/wp-json\/wp\/v2\/categories?post=7710"},{"taxonomy":"post_tag","embeddable":true,"href":"https:\/\/ecole-saint-aubin.fr\/index.php\/wp-json\/wp\/v2\/tags?post=7710"}],"curies":[{"name":"wp","href":"https:\/\/api.w.org\/{rel}","templated":true}]}}