{"id":7516,"date":"2019-11-02T14:51:52","date_gmt":"2019-11-02T13:51:52","guid":{"rendered":"https:\/\/ecole-saint-aubin.fr\/?p=7516"},"modified":"2019-11-02T14:51:52","modified_gmt":"2019-11-02T13:51:52","slug":"musique-avec-tiphaine","status":"publish","type":"post","link":"https:\/\/ecole-saint-aubin.fr\/index.php\/2019\/11\/02\/musique-avec-tiphaine\/","title":{"rendered":"Musique avec Tiphaine"},"content":{"rendered":"<p>Tiphaine est de nouveau avec nous cette ann\u00e9e pour nous apprendre de nouveaux chants qui seront pr\u00e9sent\u00e9s lors du march\u00e9 de No\u00ebl le vendredi 13 d\u00e9cembre.&nbsp;<\/p>\n<p>En attendant ce grand jour, les enfants r\u00e9p\u00e8tent les diff\u00e9rents chants!<\/p>\n<p><a href=\"https:\/\/ecole-saint-aubin.fr\/wp-content\/uploads\/2019\/11\/20191001_105322.jpg\"><img loading=\"lazy\" decoding=\"async\" class=\"alignnone size-medium wp-image-7517\" src=\"https:\/\/ecole-saint-aubin.fr\/wp-content\/uploads\/2019\/11\/20191001_105322-300x225.jpg\" alt=\"\" width=\"300\" height=\"225\" srcset=\"https:\/\/ecole-saint-aubin.fr\/wp-content\/uploads\/2019\/11\/20191001_105322-300x225.jpg 300w, https:\/\/ecole-saint-aubin.fr\/wp-content\/uploads\/2019\/11\/20191001_105322-768x576.jpg 768w, https:\/\/ecole-saint-aubin.fr\/wp-content\/uploads\/2019\/11\/20191001_105322-1024x768.jpg 1024w\" sizes=\"(max-width: 300px) 100vw, 300px\" \/><\/a><\/p>\n<p>Petite vid\u00e9o de l&rsquo;\u00e9chauffement vocal plut\u00f4t sportif:&nbsp;<\/p>\n<div style=\"width: 1170px;\" class=\"wp-video\"><!--[if lt IE 9]><script>document.createElement('video');<\/script><![endif]-->\n<video class=\"wp-video-shortcode\" id=\"video-7516-1\" width=\"1170\" height=\"658\" preload=\"metadata\" controls=\"controls\"><source type=\"video\/mp4\" src=\"https:\/\/ecole-saint-aubin.fr\/wp-content\/uploads\/2019\/11\/\u00e9chauffement-sportif-avec-Tiphaine.mp4?_=1\" \/><a href=\"https:\/\/ecole-saint-aubin.fr\/wp-content\/uploads\/2019\/11\/\u00e9chauffement-sportif-avec-Tiphaine.mp4\">https:\/\/ecole-saint-aubin.fr\/wp-content\/uploads\/2019\/11\/\u00e9chauffement-sportif-avec-Tiphaine.mp4<\/a><\/video><\/div>\n<p>&nbsp;<\/p>\n","protected":false},"excerpt":{"rendered":"<p>Tiphaine est de nouveau avec nous cette ann\u00e9e pour nous apprendre de nouveaux chants qui seront pr\u00e9sent\u00e9s lors du march\u00e9 de No\u00ebl le vendredi 13 d\u00e9cembre.&nbsp; En attendant ce grand jour, les enfants r\u00e9p\u00e8tent les diff\u00e9rents chants! Petite vid\u00e9o de l&rsquo;\u00e9chauffement vocal plut\u00f4t sportif:&nbsp; &nbsp;<\/p>\n","protected":false},"author":4,"featured_media":0,"comment_status":"closed","ping_status":"closed","sticky":false,"template":"","format":"standard","meta":{"ngg_post_thumbnail":0,"footnotes":""},"categories":[26,34],"tags":[],"_links":{"self":[{"href":"https:\/\/ecole-saint-aubin.fr\/index.php\/wp-json\/wp\/v2\/posts\/7516"}],"collection":[{"href":"https:\/\/ecole-saint-aubin.fr\/index.php\/wp-json\/wp\/v2\/posts"}],"about":[{"href":"https:\/\/ecole-saint-aubin.fr\/index.php\/wp-json\/wp\/v2\/types\/post"}],"author":[{"embeddable":true,"href":"https:\/\/ecole-saint-aubin.fr\/index.php\/wp-json\/wp\/v2\/users\/4"}],"replies":[{"embeddable":true,"href":"https:\/\/ecole-saint-aubin.fr\/index.php\/wp-json\/wp\/v2\/comments?post=7516"}],"version-history":[{"count":1,"href":"https:\/\/ecole-saint-aubin.fr\/index.php\/wp-json\/wp\/v2\/posts\/7516\/revisions"}],"predecessor-version":[{"id":7519,"href":"https:\/\/ecole-saint-aubin.fr\/index.php\/wp-json\/wp\/v2\/posts\/7516\/revisions\/7519"}],"wp:attachment":[{"href":"https:\/\/ecole-saint-aubin.fr\/index.php\/wp-json\/wp\/v2\/media?parent=7516"}],"wp:term":[{"taxonomy":"category","embeddable":true,"href":"https:\/\/ecole-saint-aubin.fr\/index.php\/wp-json\/wp\/v2\/categories?post=7516"},{"taxonomy":"post_tag","embeddable":true,"href":"https:\/\/ecole-saint-aubin.fr\/index.php\/wp-json\/wp\/v2\/tags?post=7516"}],"curies":[{"name":"wp","href":"https:\/\/api.w.org\/{rel}","templated":true}]}}