{"id":7475,"date":"2019-10-09T15:28:02","date_gmt":"2019-10-09T13:28:02","guid":{"rendered":"https:\/\/ecole-saint-aubin.fr\/?p=7475"},"modified":"2019-10-09T15:28:02","modified_gmt":"2019-10-09T13:28:02","slug":"les-ms-prennent-la-pose","status":"publish","type":"post","link":"https:\/\/ecole-saint-aubin.fr\/index.php\/2019\/10\/09\/les-ms-prennent-la-pose\/","title":{"rendered":"Les MS prennent la pose."},"content":{"rendered":"<p>Dans le cadre d&rsquo;une production artistique (\u00e0 d\u00e9couvrir en classe), les \u00e9l\u00e8ves de MS ont pris la pose avec un grand sourire:&nbsp;<\/p>\n<p>&nbsp;<\/p>\n\n\t\t<style type=\"text\/css\">\n\t\t\t#gallery-1 {\n\t\t\t\tmargin: auto;\n\t\t\t}\n\t\t\t#gallery-1 .gallery-item {\n\t\t\t\tfloat: left;\n\t\t\t\tmargin-top: 10px;\n\t\t\t\ttext-align: center;\n\t\t\t\twidth: 50%;\n\t\t\t}\n\t\t\t#gallery-1 img {\n\t\t\t\tborder: 2px solid #cfcfcf;\n\t\t\t}\n\t\t\t#gallery-1 .gallery-caption {\n\t\t\t\tmargin-left: 0;\n\t\t\t}\n\t\t\t\/* see gallery_shortcode() in wp-includes\/media.php *\/\n\t\t<\/style>\n\t\t<div id='gallery-1' class='gallery galleryid-7475 gallery-columns-2 gallery-size-large'><dl class='gallery-item'>\n\t\t\t<dt class='gallery-icon portrait'>\n\t\t\t\t<a href='https:\/\/ecole-saint-aubin.fr\/index.php\/2019\/10\/09\/les-ms-prennent-la-pose\/img_7170\/#main'><img loading=\"lazy\" decoding=\"async\" width=\"768\" height=\"1024\" src=\"https:\/\/ecole-saint-aubin.fr\/wp-content\/uploads\/2019\/10\/IMG_7170-e1570626950756-768x1024.jpg\" class=\"attachment-large size-large\" alt=\"\" srcset=\"https:\/\/ecole-saint-aubin.fr\/wp-content\/uploads\/2019\/10\/IMG_7170-e1570626950756-768x1024.jpg 768w, https:\/\/ecole-saint-aubin.fr\/wp-content\/uploads\/2019\/10\/IMG_7170-e1570626950756-225x300.jpg 225w\" sizes=\"(max-width: 768px) 100vw, 768px\" \/><\/a>\n\t\t\t<\/dt><\/dl><dl class='gallery-item'>\n\t\t\t<dt class='gallery-icon portrait'>\n\t\t\t\t<a href='https:\/\/ecole-saint-aubin.fr\/index.php\/2019\/10\/09\/les-ms-prennent-la-pose\/img_7177\/#main'><img loading=\"lazy\" decoding=\"async\" width=\"768\" height=\"1024\" src=\"https:\/\/ecole-saint-aubin.fr\/wp-content\/uploads\/2019\/10\/IMG_7177-e1570627168746-768x1024.jpg\" class=\"attachment-large size-large\" alt=\"\" srcset=\"https:\/\/ecole-saint-aubin.fr\/wp-content\/uploads\/2019\/10\/IMG_7177-e1570627168746-768x1024.jpg 768w, https:\/\/ecole-saint-aubin.fr\/wp-content\/uploads\/2019\/10\/IMG_7177-e1570627168746-225x300.jpg 225w\" sizes=\"(max-width: 768px) 100vw, 768px\" \/><\/a>\n\t\t\t<\/dt><\/dl><br style=\"clear: both\" \/><dl class='gallery-item'>\n\t\t\t<dt class='gallery-icon portrait'>\n\t\t\t\t<a href='https:\/\/ecole-saint-aubin.fr\/index.php\/2019\/10\/09\/les-ms-prennent-la-pose\/img_7175\/#main'><img loading=\"lazy\" decoding=\"async\" width=\"768\" height=\"1024\" src=\"https:\/\/ecole-saint-aubin.fr\/wp-content\/uploads\/2019\/10\/IMG_7175-e1570627113982-768x1024.jpg\" class=\"attachment-large size-large\" alt=\"\" srcset=\"https:\/\/ecole-saint-aubin.fr\/wp-content\/uploads\/2019\/10\/IMG_7175-e1570627113982-768x1024.jpg 768w, https:\/\/ecole-saint-aubin.fr\/wp-content\/uploads\/2019\/10\/IMG_7175-e1570627113982-225x300.jpg 225w\" sizes=\"(max-width: 768px) 100vw, 768px\" \/><\/a>\n\t\t\t<\/dt><\/dl><dl class='gallery-item'>\n\t\t\t<dt class='gallery-icon portrait'>\n\t\t\t\t<a href='https:\/\/ecole-saint-aubin.fr\/index.php\/2019\/10\/09\/les-ms-prennent-la-pose\/img_7174\/#main'><img loading=\"lazy\" decoding=\"async\" width=\"768\" height=\"1024\" src=\"https:\/\/ecole-saint-aubin.fr\/wp-content\/uploads\/2019\/10\/IMG_7174-e1570627064935-768x1024.jpg\" class=\"attachment-large size-large\" alt=\"\" srcset=\"https:\/\/ecole-saint-aubin.fr\/wp-content\/uploads\/2019\/10\/IMG_7174-e1570627064935-768x1024.jpg 768w, https:\/\/ecole-saint-aubin.fr\/wp-content\/uploads\/2019\/10\/IMG_7174-e1570627064935-225x300.jpg 225w\" sizes=\"(max-width: 768px) 100vw, 768px\" \/><\/a>\n\t\t\t<\/dt><\/dl><br style=\"clear: both\" \/><dl class='gallery-item'>\n\t\t\t<dt class='gallery-icon portrait'>\n\t\t\t\t<a href='https:\/\/ecole-saint-aubin.fr\/index.php\/2019\/10\/09\/les-ms-prennent-la-pose\/img_7173\/#main'><img loading=\"lazy\" decoding=\"async\" width=\"768\" height=\"1024\" src=\"https:\/\/ecole-saint-aubin.fr\/wp-content\/uploads\/2019\/10\/IMG_7173-e1570627039812-768x1024.jpg\" class=\"attachment-large size-large\" alt=\"\" srcset=\"https:\/\/ecole-saint-aubin.fr\/wp-content\/uploads\/2019\/10\/IMG_7173-e1570627039812-768x1024.jpg 768w, https:\/\/ecole-saint-aubin.fr\/wp-content\/uploads\/2019\/10\/IMG_7173-e1570627039812-225x300.jpg 225w\" sizes=\"(max-width: 768px) 100vw, 768px\" \/><\/a>\n\t\t\t<\/dt><\/dl><dl class='gallery-item'>\n\t\t\t<dt class='gallery-icon portrait'>\n\t\t\t\t<a href='https:\/\/ecole-saint-aubin.fr\/index.php\/2019\/10\/09\/les-ms-prennent-la-pose\/img_7171\/#main'><img loading=\"lazy\" decoding=\"async\" width=\"768\" height=\"1024\" src=\"https:\/\/ecole-saint-aubin.fr\/wp-content\/uploads\/2019\/10\/IMG_7171-e1570626982900-768x1024.jpg\" class=\"attachment-large size-large\" alt=\"\" srcset=\"https:\/\/ecole-saint-aubin.fr\/wp-content\/uploads\/2019\/10\/IMG_7171-e1570626982900-768x1024.jpg 768w, https:\/\/ecole-saint-aubin.fr\/wp-content\/uploads\/2019\/10\/IMG_7171-e1570626982900-225x300.jpg 225w\" sizes=\"(max-width: 768px) 100vw, 768px\" \/><\/a>\n\t\t\t<\/dt><\/dl><br style=\"clear: both\" \/><dl class='gallery-item'>\n\t\t\t<dt class='gallery-icon portrait'>\n\t\t\t\t<a href='https:\/\/ecole-saint-aubin.fr\/index.php\/2019\/10\/09\/les-ms-prennent-la-pose\/img_7178\/#main'><img loading=\"lazy\" decoding=\"async\" width=\"768\" height=\"1024\" src=\"https:\/\/ecole-saint-aubin.fr\/wp-content\/uploads\/2019\/10\/IMG_7178-e1570627217444-768x1024.jpg\" class=\"attachment-large size-large\" alt=\"\" srcset=\"https:\/\/ecole-saint-aubin.fr\/wp-content\/uploads\/2019\/10\/IMG_7178-e1570627217444-768x1024.jpg 768w, https:\/\/ecole-saint-aubin.fr\/wp-content\/uploads\/2019\/10\/IMG_7178-e1570627217444-225x300.jpg 225w\" sizes=\"(max-width: 768px) 100vw, 768px\" \/><\/a>\n\t\t\t<\/dt><\/dl><dl class='gallery-item'>\n\t\t\t<dt class='gallery-icon portrait'>\n\t\t\t\t<a href='https:\/\/ecole-saint-aubin.fr\/index.php\/2019\/10\/09\/les-ms-prennent-la-pose\/img_7180\/#main'><img loading=\"lazy\" decoding=\"async\" width=\"768\" height=\"1024\" src=\"https:\/\/ecole-saint-aubin.fr\/wp-content\/uploads\/2019\/10\/IMG_7180-e1570627263146-768x1024.jpg\" class=\"attachment-large size-large\" alt=\"\" srcset=\"https:\/\/ecole-saint-aubin.fr\/wp-content\/uploads\/2019\/10\/IMG_7180-e1570627263146-768x1024.jpg 768w, https:\/\/ecole-saint-aubin.fr\/wp-content\/uploads\/2019\/10\/IMG_7180-e1570627263146-225x300.jpg 225w\" sizes=\"(max-width: 768px) 100vw, 768px\" \/><\/a>\n\t\t\t<\/dt><\/dl><br style=\"clear: both\" \/><dl class='gallery-item'>\n\t\t\t<dt class='gallery-icon portrait'>\n\t\t\t\t<a href='https:\/\/ecole-saint-aubin.fr\/index.php\/2019\/10\/09\/les-ms-prennent-la-pose\/img_7186\/#main'><img loading=\"lazy\" decoding=\"async\" width=\"768\" height=\"1024\" src=\"https:\/\/ecole-saint-aubin.fr\/wp-content\/uploads\/2019\/10\/IMG_7186-e1570627318885-768x1024.jpg\" class=\"attachment-large size-large\" alt=\"\" srcset=\"https:\/\/ecole-saint-aubin.fr\/wp-content\/uploads\/2019\/10\/IMG_7186-e1570627318885-768x1024.jpg 768w, https:\/\/ecole-saint-aubin.fr\/wp-content\/uploads\/2019\/10\/IMG_7186-e1570627318885-225x300.jpg 225w\" sizes=\"(max-width: 768px) 100vw, 768px\" \/><\/a>\n\t\t\t<\/dt><\/dl><dl class='gallery-item'>\n\t\t\t<dt class='gallery-icon portrait'>\n\t\t\t\t<a href='https:\/\/ecole-saint-aubin.fr\/index.php\/2019\/10\/09\/les-ms-prennent-la-pose\/img_7187\/#main'><img loading=\"lazy\" decoding=\"async\" width=\"768\" height=\"1024\" src=\"https:\/\/ecole-saint-aubin.fr\/wp-content\/uploads\/2019\/10\/IMG_7187-e1570627386654-768x1024.jpg\" class=\"attachment-large size-large\" alt=\"\" srcset=\"https:\/\/ecole-saint-aubin.fr\/wp-content\/uploads\/2019\/10\/IMG_7187-e1570627386654-768x1024.jpg 768w, https:\/\/ecole-saint-aubin.fr\/wp-content\/uploads\/2019\/10\/IMG_7187-e1570627386654-225x300.jpg 225w\" sizes=\"(max-width: 768px) 100vw, 768px\" \/><\/a>\n\t\t\t<\/dt><\/dl><br style=\"clear: both\" \/><dl class='gallery-item'>\n\t\t\t<dt class='gallery-icon portrait'>\n\t\t\t\t<a href='https:\/\/ecole-saint-aubin.fr\/index.php\/2019\/10\/09\/les-ms-prennent-la-pose\/img_7189\/#main'><img loading=\"lazy\" decoding=\"async\" width=\"768\" height=\"1024\" src=\"https:\/\/ecole-saint-aubin.fr\/wp-content\/uploads\/2019\/10\/IMG_7189-e1570627401312-768x1024.jpg\" class=\"attachment-large size-large\" alt=\"\" srcset=\"https:\/\/ecole-saint-aubin.fr\/wp-content\/uploads\/2019\/10\/IMG_7189-e1570627401312-768x1024.jpg 768w, https:\/\/ecole-saint-aubin.fr\/wp-content\/uploads\/2019\/10\/IMG_7189-e1570627401312-225x300.jpg 225w\" sizes=\"(max-width: 768px) 100vw, 768px\" \/><\/a>\n\t\t\t<\/dt><\/dl>\n\t\t\t<br style='clear: both' \/>\n\t\t<\/div>\n\n","protected":false},"excerpt":{"rendered":"<p>Dans le cadre d&rsquo;une production artistique (\u00e0 d\u00e9couvrir en classe), les \u00e9l\u00e8ves de MS ont pris la pose avec un grand sourire:&nbsp; &nbsp;<\/p>\n","protected":false},"author":8,"featured_media":7484,"comment_status":"closed","ping_status":"closed","sticky":false,"template":"","format":"standard","meta":{"ngg_post_thumbnail":0,"footnotes":""},"categories":[7,28],"tags":[],"_links":{"self":[{"href":"https:\/\/ecole-saint-aubin.fr\/index.php\/wp-json\/wp\/v2\/posts\/7475"}],"collection":[{"href":"https:\/\/ecole-saint-aubin.fr\/index.php\/wp-json\/wp\/v2\/posts"}],"about":[{"href":"https:\/\/ecole-saint-aubin.fr\/index.php\/wp-json\/wp\/v2\/types\/post"}],"author":[{"embeddable":true,"href":"https:\/\/ecole-saint-aubin.fr\/index.php\/wp-json\/wp\/v2\/users\/8"}],"replies":[{"embeddable":true,"href":"https:\/\/ecole-saint-aubin.fr\/index.php\/wp-json\/wp\/v2\/comments?post=7475"}],"version-history":[{"count":1,"href":"https:\/\/ecole-saint-aubin.fr\/index.php\/wp-json\/wp\/v2\/posts\/7475\/revisions"}],"predecessor-version":[{"id":7487,"href":"https:\/\/ecole-saint-aubin.fr\/index.php\/wp-json\/wp\/v2\/posts\/7475\/revisions\/7487"}],"wp:featuredmedia":[{"embeddable":true,"href":"https:\/\/ecole-saint-aubin.fr\/index.php\/wp-json\/wp\/v2\/media\/7484"}],"wp:attachment":[{"href":"https:\/\/ecole-saint-aubin.fr\/index.php\/wp-json\/wp\/v2\/media?parent=7475"}],"wp:term":[{"taxonomy":"category","embeddable":true,"href":"https:\/\/ecole-saint-aubin.fr\/index.php\/wp-json\/wp\/v2\/categories?post=7475"},{"taxonomy":"post_tag","embeddable":true,"href":"https:\/\/ecole-saint-aubin.fr\/index.php\/wp-json\/wp\/v2\/tags?post=7475"}],"curies":[{"name":"wp","href":"https:\/\/api.w.org\/{rel}","templated":true}]}}