{"id":7142,"date":"2019-07-23T01:59:31","date_gmt":"2019-07-22T23:59:31","guid":{"rendered":"https:\/\/ecole-saint-aubin.fr\/?p=7142"},"modified":"2019-09-22T15:38:46","modified_gmt":"2019-09-22T13:38:46","slug":"bonne-retraite-francoise","status":"publish","type":"post","link":"https:\/\/ecole-saint-aubin.fr\/index.php\/2019\/07\/23\/bonne-retraite-francoise\/","title":{"rendered":"Bonne retraite  Fran\u00e7oise"},"content":{"rendered":"<p>Mardi 2 juillet, l&rsquo;\u00e9cole a organis\u00e9 pour Fran\u00e7oise, un pot de d\u00e9part en retraite surprise. Pour l&rsquo;occasion, tous les enfants ont apport\u00e9 une fleur \u00e0 lui offrir. Les familles sont venues nombreuses pour la remercier de toutes ces&nbsp; ann\u00e9es pass\u00e9es au service de l&rsquo;\u00e9cole. Quelle belle surprise pour elle et que d&rsquo;\u00e9motions en voyant tous ces gestes d&rsquo;affection.<\/p>\n<p>Bonne retraite Fran\u00e7oise!!!<\/p>\n<p><a href=\"https:\/\/ecole-saint-aubin.fr\/wp-content\/uploads\/2019\/07\/F.jpg\"><img loading=\"lazy\" decoding=\"async\" class=\"size-medium wp-image-7136 aligncenter\" src=\"https:\/\/ecole-saint-aubin.fr\/wp-content\/uploads\/2019\/07\/F-300x225.jpg\" alt=\"\" width=\"300\" height=\"225\" srcset=\"https:\/\/ecole-saint-aubin.fr\/wp-content\/uploads\/2019\/07\/F-300x225.jpg 300w, https:\/\/ecole-saint-aubin.fr\/wp-content\/uploads\/2019\/07\/F-768x576.jpg 768w, https:\/\/ecole-saint-aubin.fr\/wp-content\/uploads\/2019\/07\/F-1024x768.jpg 1024w, https:\/\/ecole-saint-aubin.fr\/wp-content\/uploads\/2019\/07\/F-467x350.jpg 467w, https:\/\/ecole-saint-aubin.fr\/wp-content\/uploads\/2019\/07\/F-150x113.jpg 150w, https:\/\/ecole-saint-aubin.fr\/wp-content\/uploads\/2019\/07\/F.jpg 1632w\" sizes=\"(max-width: 300px) 100vw, 300px\" \/><\/a><\/p>\n<p style=\"text-align: center;\"><a href=\"https:\/\/ecole-saint-aubin.fr\/wp-content\/uploads\/2019\/07\/F2.jpg\"><img loading=\"lazy\" decoding=\"async\" class=\"alignnone size-medium wp-image-7137\" src=\"https:\/\/ecole-saint-aubin.fr\/wp-content\/uploads\/2019\/07\/F2-300x225.jpg\" alt=\"\" width=\"300\" height=\"225\" srcset=\"https:\/\/ecole-saint-aubin.fr\/wp-content\/uploads\/2019\/07\/F2-300x225.jpg 300w, https:\/\/ecole-saint-aubin.fr\/wp-content\/uploads\/2019\/07\/F2-768x576.jpg 768w, https:\/\/ecole-saint-aubin.fr\/wp-content\/uploads\/2019\/07\/F2-1024x768.jpg 1024w, https:\/\/ecole-saint-aubin.fr\/wp-content\/uploads\/2019\/07\/F2-467x350.jpg 467w, https:\/\/ecole-saint-aubin.fr\/wp-content\/uploads\/2019\/07\/F2-150x113.jpg 150w, https:\/\/ecole-saint-aubin.fr\/wp-content\/uploads\/2019\/07\/F2.jpg 1632w\" sizes=\"(max-width: 300px) 100vw, 300px\" \/><\/a><a href=\"https:\/\/ecole-saint-aubin.fr\/wp-content\/uploads\/2019\/07\/F7.jpg\"> &nbsp;&nbsp;&nbsp; <img loading=\"lazy\" decoding=\"async\" class=\"alignnone size-medium wp-image-7139\" src=\"https:\/\/ecole-saint-aubin.fr\/wp-content\/uploads\/2019\/07\/F7-300x225.jpg\" alt=\"\" width=\"300\" height=\"225\" srcset=\"https:\/\/ecole-saint-aubin.fr\/wp-content\/uploads\/2019\/07\/F7-300x225.jpg 300w, https:\/\/ecole-saint-aubin.fr\/wp-content\/uploads\/2019\/07\/F7-768x576.jpg 768w, https:\/\/ecole-saint-aubin.fr\/wp-content\/uploads\/2019\/07\/F7-1024x768.jpg 1024w, https:\/\/ecole-saint-aubin.fr\/wp-content\/uploads\/2019\/07\/F7-467x350.jpg 467w, https:\/\/ecole-saint-aubin.fr\/wp-content\/uploads\/2019\/07\/F7-150x113.jpg 150w, https:\/\/ecole-saint-aubin.fr\/wp-content\/uploads\/2019\/07\/F7.jpg 1632w\" sizes=\"(max-width: 300px) 100vw, 300px\" \/><\/a><a href=\"https:\/\/ecole-saint-aubin.fr\/wp-content\/uploads\/2019\/07\/F4.jpg\"><img loading=\"lazy\" decoding=\"async\" class=\"alignnone size-medium wp-image-7138\" src=\"https:\/\/ecole-saint-aubin.fr\/wp-content\/uploads\/2019\/07\/F4-300x225.jpg\" alt=\"\" width=\"300\" height=\"225\" srcset=\"https:\/\/ecole-saint-aubin.fr\/wp-content\/uploads\/2019\/07\/F4-300x225.jpg 300w, https:\/\/ecole-saint-aubin.fr\/wp-content\/uploads\/2019\/07\/F4-768x576.jpg 768w, https:\/\/ecole-saint-aubin.fr\/wp-content\/uploads\/2019\/07\/F4-1024x768.jpg 1024w, https:\/\/ecole-saint-aubin.fr\/wp-content\/uploads\/2019\/07\/F4-467x350.jpg 467w, https:\/\/ecole-saint-aubin.fr\/wp-content\/uploads\/2019\/07\/F4-150x113.jpg 150w, https:\/\/ecole-saint-aubin.fr\/wp-content\/uploads\/2019\/07\/F4.jpg 1632w\" sizes=\"(max-width: 300px) 100vw, 300px\" \/><\/a><a href=\"https:\/\/ecole-saint-aubin.fr\/wp-content\/uploads\/2019\/07\/F8.jpg\"> &nbsp;&nbsp;&nbsp; <img loading=\"lazy\" decoding=\"async\" class=\"alignnone size-medium wp-image-7140\" src=\"https:\/\/ecole-saint-aubin.fr\/wp-content\/uploads\/2019\/07\/F8-300x225.jpg\" alt=\"\" width=\"300\" height=\"225\" srcset=\"https:\/\/ecole-saint-aubin.fr\/wp-content\/uploads\/2019\/07\/F8-300x225.jpg 300w, https:\/\/ecole-saint-aubin.fr\/wp-content\/uploads\/2019\/07\/F8-768x576.jpg 768w, https:\/\/ecole-saint-aubin.fr\/wp-content\/uploads\/2019\/07\/F8-1024x768.jpg 1024w, https:\/\/ecole-saint-aubin.fr\/wp-content\/uploads\/2019\/07\/F8-467x350.jpg 467w, https:\/\/ecole-saint-aubin.fr\/wp-content\/uploads\/2019\/07\/F8-150x113.jpg 150w, https:\/\/ecole-saint-aubin.fr\/wp-content\/uploads\/2019\/07\/F8.jpg 1632w\" sizes=\"(max-width: 300px) 100vw, 300px\" \/><\/a><\/p>\n","protected":false},"excerpt":{"rendered":"<p>Mardi 2 juillet, l&rsquo;\u00e9cole a organis\u00e9 pour Fran\u00e7oise, un pot de d\u00e9part en retraite surprise. Pour l&rsquo;occasion, tous les enfants ont apport\u00e9 une fleur \u00e0 lui offrir. Les familles sont venues nombreuses pour la remercier de toutes ces&nbsp; ann\u00e9es pass\u00e9es au service de l&rsquo;\u00e9cole. Quelle belle surprise pour elle et que d&rsquo;\u00e9motions en voyant tous<\/p>\n<p><a href=\"https:\/\/ecole-saint-aubin.fr\/index.php\/2019\/07\/23\/bonne-retraite-francoise\/\" class=\"more-link themebutton\">Lire la suite<\/a><\/p>\n","protected":false},"author":7,"featured_media":7138,"comment_status":"closed","ping_status":"closed","sticky":false,"template":"","format":"standard","meta":{"ngg_post_thumbnail":0,"footnotes":""},"categories":[26,25,27,28,29,34],"tags":[],"_links":{"self":[{"href":"https:\/\/ecole-saint-aubin.fr\/index.php\/wp-json\/wp\/v2\/posts\/7142"}],"collection":[{"href":"https:\/\/ecole-saint-aubin.fr\/index.php\/wp-json\/wp\/v2\/posts"}],"about":[{"href":"https:\/\/ecole-saint-aubin.fr\/index.php\/wp-json\/wp\/v2\/types\/post"}],"author":[{"embeddable":true,"href":"https:\/\/ecole-saint-aubin.fr\/index.php\/wp-json\/wp\/v2\/users\/7"}],"replies":[{"embeddable":true,"href":"https:\/\/ecole-saint-aubin.fr\/index.php\/wp-json\/wp\/v2\/comments?post=7142"}],"version-history":[{"count":1,"href":"https:\/\/ecole-saint-aubin.fr\/index.php\/wp-json\/wp\/v2\/posts\/7142\/revisions"}],"predecessor-version":[{"id":7143,"href":"https:\/\/ecole-saint-aubin.fr\/index.php\/wp-json\/wp\/v2\/posts\/7142\/revisions\/7143"}],"wp:featuredmedia":[{"embeddable":true,"href":"https:\/\/ecole-saint-aubin.fr\/index.php\/wp-json\/wp\/v2\/media\/7138"}],"wp:attachment":[{"href":"https:\/\/ecole-saint-aubin.fr\/index.php\/wp-json\/wp\/v2\/media?parent=7142"}],"wp:term":[{"taxonomy":"category","embeddable":true,"href":"https:\/\/ecole-saint-aubin.fr\/index.php\/wp-json\/wp\/v2\/categories?post=7142"},{"taxonomy":"post_tag","embeddable":true,"href":"https:\/\/ecole-saint-aubin.fr\/index.php\/wp-json\/wp\/v2\/tags?post=7142"}],"curies":[{"name":"wp","href":"https:\/\/api.w.org\/{rel}","templated":true}]}}