{"id":6407,"date":"2019-06-15T20:30:33","date_gmt":"2019-06-15T18:30:33","guid":{"rendered":"https:\/\/ecole-saint-aubin.fr\/?p=6407"},"modified":"2019-07-22T22:30:54","modified_gmt":"2019-07-22T20:30:54","slug":"visite-au-cinena-de-blain","status":"publish","type":"post","link":"https:\/\/ecole-saint-aubin.fr\/index.php\/2019\/06\/15\/visite-au-cinena-de-blain\/","title":{"rendered":"Visite au cin\u00e9na de Blain"},"content":{"rendered":"<p>&nbsp;&nbsp;&nbsp; Le 4 juin, tous les \u00e9l\u00e8ves de l\u2019\u00e9cole (\u00e0 partir de la grande section), se sont rendus au cin\u00e9ma de Blain, pour voir sur grand \u00e9cran, le court m\u00e9trage r\u00e9alis\u00e9 par les CM2 sur le th\u00e8me de la fragilit\u00e9 et du harc\u00e8lement. Ce fut aussi l\u2019occasion de visiter la salle de projection et de passer un agr\u00e9able moment devant le film \u00ab Le livre de la Jungle \u00bb. Les \u00e9l\u00e8ves \u00e9taient ravis !<\/p>\n<p><a href=\"https:\/\/ecole-saint-aubin.fr\/wp-content\/uploads\/2019\/06\/IMG_3875.jpg\">f<img loading=\"lazy\" decoding=\"async\" class=\"alignnone size-medium wp-image-6408\" src=\"https:\/\/ecole-saint-aubin.fr\/wp-content\/uploads\/2019\/06\/IMG_3875-300x225.jpg\" alt=\"\" width=\"300\" height=\"225\" srcset=\"https:\/\/ecole-saint-aubin.fr\/wp-content\/uploads\/2019\/06\/IMG_3875-300x225.jpg 300w, https:\/\/ecole-saint-aubin.fr\/wp-content\/uploads\/2019\/06\/IMG_3875-768x576.jpg 768w, https:\/\/ecole-saint-aubin.fr\/wp-content\/uploads\/2019\/06\/IMG_3875-1024x768.jpg 1024w, https:\/\/ecole-saint-aubin.fr\/wp-content\/uploads\/2019\/06\/IMG_3875-467x350.jpg 467w, https:\/\/ecole-saint-aubin.fr\/wp-content\/uploads\/2019\/06\/IMG_3875-150x113.jpg 150w\" sizes=\"(max-width: 300px) 100vw, 300px\" \/><\/a> <a href=\"https:\/\/ecole-saint-aubin.fr\/wp-content\/uploads\/2019\/06\/IMG_3879.jpg\"><img loading=\"lazy\" decoding=\"async\" class=\"alignnone size-medium wp-image-6411\" src=\"https:\/\/ecole-saint-aubin.fr\/wp-content\/uploads\/2019\/06\/IMG_3879-300x225.jpg\" alt=\"\" width=\"300\" height=\"225\" srcset=\"https:\/\/ecole-saint-aubin.fr\/wp-content\/uploads\/2019\/06\/IMG_3879-300x225.jpg 300w, https:\/\/ecole-saint-aubin.fr\/wp-content\/uploads\/2019\/06\/IMG_3879-768x576.jpg 768w, https:\/\/ecole-saint-aubin.fr\/wp-content\/uploads\/2019\/06\/IMG_3879-1024x768.jpg 1024w, https:\/\/ecole-saint-aubin.fr\/wp-content\/uploads\/2019\/06\/IMG_3879-467x350.jpg 467w, https:\/\/ecole-saint-aubin.fr\/wp-content\/uploads\/2019\/06\/IMG_3879-150x113.jpg 150w\" sizes=\"(max-width: 300px) 100vw, 300px\" \/><\/a> <a href=\"https:\/\/ecole-saint-aubin.fr\/wp-content\/uploads\/2019\/06\/IMG_3880.jpg\"><img loading=\"lazy\" decoding=\"async\" class=\"alignnone size-medium wp-image-6412\" src=\"https:\/\/ecole-saint-aubin.fr\/wp-content\/uploads\/2019\/06\/IMG_3880-300x225.jpg\" alt=\"\" width=\"300\" height=\"225\" srcset=\"https:\/\/ecole-saint-aubin.fr\/wp-content\/uploads\/2019\/06\/IMG_3880-300x225.jpg 300w, https:\/\/ecole-saint-aubin.fr\/wp-content\/uploads\/2019\/06\/IMG_3880-768x576.jpg 768w, https:\/\/ecole-saint-aubin.fr\/wp-content\/uploads\/2019\/06\/IMG_3880-1024x768.jpg 1024w, https:\/\/ecole-saint-aubin.fr\/wp-content\/uploads\/2019\/06\/IMG_3880-467x350.jpg 467w, https:\/\/ecole-saint-aubin.fr\/wp-content\/uploads\/2019\/06\/IMG_3880-150x113.jpg 150w\" sizes=\"(max-width: 300px) 100vw, 300px\" \/><\/a> <a href=\"https:\/\/ecole-saint-aubin.fr\/wp-content\/uploads\/2019\/06\/IMG_3882.jpg\"><img loading=\"lazy\" decoding=\"async\" class=\"alignnone size-medium wp-image-6413\" src=\"https:\/\/ecole-saint-aubin.fr\/wp-content\/uploads\/2019\/06\/IMG_3882-300x225.jpg\" alt=\"\" width=\"300\" height=\"225\" srcset=\"https:\/\/ecole-saint-aubin.fr\/wp-content\/uploads\/2019\/06\/IMG_3882-300x225.jpg 300w, https:\/\/ecole-saint-aubin.fr\/wp-content\/uploads\/2019\/06\/IMG_3882-768x576.jpg 768w, https:\/\/ecole-saint-aubin.fr\/wp-content\/uploads\/2019\/06\/IMG_3882-1024x768.jpg 1024w, https:\/\/ecole-saint-aubin.fr\/wp-content\/uploads\/2019\/06\/IMG_3882-467x350.jpg 467w, https:\/\/ecole-saint-aubin.fr\/wp-content\/uploads\/2019\/06\/IMG_3882-150x113.jpg 150w\" sizes=\"(max-width: 300px) 100vw, 300px\" \/><\/a> <a href=\"https:\/\/ecole-saint-aubin.fr\/wp-content\/uploads\/2019\/06\/IMG_3883.jpg\"><img loading=\"lazy\" decoding=\"async\" class=\"alignnone size-medium wp-image-6414\" src=\"https:\/\/ecole-saint-aubin.fr\/wp-content\/uploads\/2019\/06\/IMG_3883-300x225.jpg\" alt=\"\" width=\"300\" height=\"225\" srcset=\"https:\/\/ecole-saint-aubin.fr\/wp-content\/uploads\/2019\/06\/IMG_3883-300x225.jpg 300w, https:\/\/ecole-saint-aubin.fr\/wp-content\/uploads\/2019\/06\/IMG_3883-768x576.jpg 768w, https:\/\/ecole-saint-aubin.fr\/wp-content\/uploads\/2019\/06\/IMG_3883-1024x768.jpg 1024w, https:\/\/ecole-saint-aubin.fr\/wp-content\/uploads\/2019\/06\/IMG_3883-467x350.jpg 467w, https:\/\/ecole-saint-aubin.fr\/wp-content\/uploads\/2019\/06\/IMG_3883-150x113.jpg 150w\" sizes=\"(max-width: 300px) 100vw, 300px\" \/><\/a>&nbsp;<a href=\"https:\/\/ecole-saint-aubin.fr\/wp-content\/uploads\/2019\/06\/IMG_3886-e1560622672917.jpg\"><img loading=\"lazy\" decoding=\"async\" class=\"alignnone size-medium wp-image-6417\" src=\"https:\/\/ecole-saint-aubin.fr\/wp-content\/uploads\/2019\/06\/IMG_3886-e1560622672917-225x300.jpg\" alt=\"\" width=\"225\" height=\"300\" srcset=\"https:\/\/ecole-saint-aubin.fr\/wp-content\/uploads\/2019\/06\/IMG_3886-e1560622672917-225x300.jpg 225w, https:\/\/ecole-saint-aubin.fr\/wp-content\/uploads\/2019\/06\/IMG_3886-e1560622672917-768x1024.jpg 768w, https:\/\/ecole-saint-aubin.fr\/wp-content\/uploads\/2019\/06\/IMG_3886-e1560622672917-263x350.jpg 263w, https:\/\/ecole-saint-aubin.fr\/wp-content\/uploads\/2019\/06\/IMG_3886-e1560622672917-113x150.jpg 113w\" sizes=\"(max-width: 225px) 100vw, 225px\" \/><\/a><a href=\"https:\/\/ecole-saint-aubin.fr\/wp-content\/uploads\/2019\/06\/IMG_3885-e1560622754221.jpg\"><img loading=\"lazy\" decoding=\"async\" class=\"alignnone size-medium wp-image-6416\" src=\"https:\/\/ecole-saint-aubin.fr\/wp-content\/uploads\/2019\/06\/IMG_3885-e1560622754221-225x300.jpg\" alt=\"\" width=\"225\" height=\"300\" srcset=\"https:\/\/ecole-saint-aubin.fr\/wp-content\/uploads\/2019\/06\/IMG_3885-e1560622754221-225x300.jpg 225w, https:\/\/ecole-saint-aubin.fr\/wp-content\/uploads\/2019\/06\/IMG_3885-e1560622754221-768x1024.jpg 768w, https:\/\/ecole-saint-aubin.fr\/wp-content\/uploads\/2019\/06\/IMG_3885-e1560622754221-263x350.jpg 263w, https:\/\/ecole-saint-aubin.fr\/wp-content\/uploads\/2019\/06\/IMG_3885-e1560622754221-113x150.jpg 113w\" sizes=\"(max-width: 225px) 100vw, 225px\" \/><\/a><a href=\"https:\/\/ecole-saint-aubin.fr\/wp-content\/uploads\/2019\/06\/IMG_3884-e1560622791730.jpg\"><img loading=\"lazy\" decoding=\"async\" class=\"alignnone size-medium wp-image-6415\" src=\"https:\/\/ecole-saint-aubin.fr\/wp-content\/uploads\/2019\/06\/IMG_3884-e1560622791730-225x300.jpg\" alt=\"\" width=\"225\" height=\"300\" srcset=\"https:\/\/ecole-saint-aubin.fr\/wp-content\/uploads\/2019\/06\/IMG_3884-e1560622791730-225x300.jpg 225w, https:\/\/ecole-saint-aubin.fr\/wp-content\/uploads\/2019\/06\/IMG_3884-e1560622791730-768x1024.jpg 768w, https:\/\/ecole-saint-aubin.fr\/wp-content\/uploads\/2019\/06\/IMG_3884-e1560622791730-263x350.jpg 263w, https:\/\/ecole-saint-aubin.fr\/wp-content\/uploads\/2019\/06\/IMG_3884-e1560622791730-113x150.jpg 113w\" sizes=\"(max-width: 225px) 100vw, 225px\" \/><\/a><\/p>\n","protected":false},"excerpt":{"rendered":"<p>&nbsp;&nbsp;&nbsp; Le 4 juin, tous les \u00e9l\u00e8ves de l\u2019\u00e9cole (\u00e0 partir de la grande section), se sont rendus au cin\u00e9ma de Blain, pour voir sur grand \u00e9cran, le court m\u00e9trage r\u00e9alis\u00e9 par les CM2 sur le th\u00e8me de la fragilit\u00e9 et du harc\u00e8lement. Ce fut aussi l\u2019occasion de visiter la salle de projection et de<\/p>\n<p><a href=\"https:\/\/ecole-saint-aubin.fr\/index.php\/2019\/06\/15\/visite-au-cinena-de-blain\/\" class=\"more-link themebutton\">Lire la suite<\/a><\/p>\n","protected":false},"author":7,"featured_media":6408,"comment_status":"closed","ping_status":"closed","sticky":false,"template":"","format":"standard","meta":{"ngg_post_thumbnail":0,"footnotes":""},"categories":[26,25,27,7,28,1,34],"tags":[],"_links":{"self":[{"href":"https:\/\/ecole-saint-aubin.fr\/index.php\/wp-json\/wp\/v2\/posts\/6407"}],"collection":[{"href":"https:\/\/ecole-saint-aubin.fr\/index.php\/wp-json\/wp\/v2\/posts"}],"about":[{"href":"https:\/\/ecole-saint-aubin.fr\/index.php\/wp-json\/wp\/v2\/types\/post"}],"author":[{"embeddable":true,"href":"https:\/\/ecole-saint-aubin.fr\/index.php\/wp-json\/wp\/v2\/users\/7"}],"replies":[{"embeddable":true,"href":"https:\/\/ecole-saint-aubin.fr\/index.php\/wp-json\/wp\/v2\/comments?post=6407"}],"version-history":[{"count":1,"href":"https:\/\/ecole-saint-aubin.fr\/index.php\/wp-json\/wp\/v2\/posts\/6407\/revisions"}],"predecessor-version":[{"id":6420,"href":"https:\/\/ecole-saint-aubin.fr\/index.php\/wp-json\/wp\/v2\/posts\/6407\/revisions\/6420"}],"wp:featuredmedia":[{"embeddable":true,"href":"https:\/\/ecole-saint-aubin.fr\/index.php\/wp-json\/wp\/v2\/media\/6408"}],"wp:attachment":[{"href":"https:\/\/ecole-saint-aubin.fr\/index.php\/wp-json\/wp\/v2\/media?parent=6407"}],"wp:term":[{"taxonomy":"category","embeddable":true,"href":"https:\/\/ecole-saint-aubin.fr\/index.php\/wp-json\/wp\/v2\/categories?post=6407"},{"taxonomy":"post_tag","embeddable":true,"href":"https:\/\/ecole-saint-aubin.fr\/index.php\/wp-json\/wp\/v2\/tags?post=6407"}],"curies":[{"name":"wp","href":"https:\/\/api.w.org\/{rel}","templated":true}]}}