{"id":6214,"date":"2019-05-04T22:59:35","date_gmt":"2019-05-04T20:59:35","guid":{"rendered":"https:\/\/ecole-saint-aubin.fr\/?p=6214"},"modified":"2019-05-04T23:00:07","modified_gmt":"2019-05-04T21:00:07","slug":"projet-landart","status":"publish","type":"post","link":"https:\/\/ecole-saint-aubin.fr\/index.php\/2019\/05\/04\/projet-landart\/","title":{"rendered":"Projet Land&rsquo;art"},"content":{"rendered":"<p>&nbsp;&nbsp; Dans le cadre de notre projet artistique, l&rsquo;\u00e9cole s&rsquo;est associ\u00e9e au projet Land&rsquo;art propos\u00e9 par le conseil des enfants de la commune. Pour embellir les chemins de randonn\u00e9es de La Chevallerais, des cr\u00e9ations artistiques sur le th\u00e8me des animaux fantastiques vont \u00eatre r\u00e9alis\u00e9es. St\u00e9phane Gasnier, responsable du projet, est venu expliquer cette d\u00e9marche aupr\u00e8s de nos \u00e9l\u00e8ves. Il a d\u00e9voil\u00e9 quelques cr\u00e9ations d\u00e9j\u00e0 r\u00e9alis\u00e9es.<\/p>\n<p>Une journ\u00e9e sera prochainement consacr\u00e9e \u00e0 l&rsquo;\u00e9cole \u00e0 la fabrication de nouvelles \u0153uvres.<a href=\"https:\/\/ecole-saint-aubin.fr\/wp-content\/uploads\/2019\/05\/landart-3.jpg\"><img loading=\"lazy\" decoding=\"async\" class=\"alignnone wp-image-6205 size-medium\" src=\"https:\/\/ecole-saint-aubin.fr\/wp-content\/uploads\/2019\/05\/landart-3-e1557003469362-225x300.jpg\" alt=\"\" width=\"225\" height=\"300\" srcset=\"https:\/\/ecole-saint-aubin.fr\/wp-content\/uploads\/2019\/05\/landart-3-e1557003469362-225x300.jpg 225w, https:\/\/ecole-saint-aubin.fr\/wp-content\/uploads\/2019\/05\/landart-3-e1557003469362-768x1024.jpg 768w, https:\/\/ecole-saint-aubin.fr\/wp-content\/uploads\/2019\/05\/landart-3-e1557003469362-263x350.jpg 263w, https:\/\/ecole-saint-aubin.fr\/wp-content\/uploads\/2019\/05\/landart-3-e1557003469362-113x150.jpg 113w\" sizes=\"(max-width: 225px) 100vw, 225px\" \/><\/a><a href=\"https:\/\/ecole-saint-aubin.fr\/wp-content\/uploads\/2019\/05\/landart.jpg\"><img loading=\"lazy\" decoding=\"async\" class=\"alignnone size-medium wp-image-6207\" src=\"https:\/\/ecole-saint-aubin.fr\/wp-content\/uploads\/2019\/05\/landart-300x225.jpg\" alt=\"\" width=\"300\" height=\"225\" srcset=\"https:\/\/ecole-saint-aubin.fr\/wp-content\/uploads\/2019\/05\/landart-300x225.jpg 300w, https:\/\/ecole-saint-aubin.fr\/wp-content\/uploads\/2019\/05\/landart-768x576.jpg 768w, https:\/\/ecole-saint-aubin.fr\/wp-content\/uploads\/2019\/05\/landart-1024x768.jpg 1024w, https:\/\/ecole-saint-aubin.fr\/wp-content\/uploads\/2019\/05\/landart-467x350.jpg 467w, https:\/\/ecole-saint-aubin.fr\/wp-content\/uploads\/2019\/05\/landart-150x113.jpg 150w\" sizes=\"(max-width: 300px) 100vw, 300px\" \/><\/a><\/p>\n<p><a href=\"https:\/\/ecole-saint-aubin.fr\/wp-content\/uploads\/2019\/05\/landart-2.jpg\"><img loading=\"lazy\" decoding=\"async\" class=\"alignnone wp-image-6204 size-medium\" src=\"https:\/\/ecole-saint-aubin.fr\/wp-content\/uploads\/2019\/05\/landart-2-e1557003505139-225x300.jpg\" alt=\"\" width=\"225\" height=\"300\" srcset=\"https:\/\/ecole-saint-aubin.fr\/wp-content\/uploads\/2019\/05\/landart-2-e1557003505139-225x300.jpg 225w, https:\/\/ecole-saint-aubin.fr\/wp-content\/uploads\/2019\/05\/landart-2-e1557003505139-768x1024.jpg 768w, https:\/\/ecole-saint-aubin.fr\/wp-content\/uploads\/2019\/05\/landart-2-e1557003505139-263x350.jpg 263w, https:\/\/ecole-saint-aubin.fr\/wp-content\/uploads\/2019\/05\/landart-2-e1557003505139-113x150.jpg 113w\" sizes=\"(max-width: 225px) 100vw, 225px\" \/><\/a><a href=\"https:\/\/ecole-saint-aubin.fr\/wp-content\/uploads\/2019\/05\/landart-4.jpg\"><img loading=\"lazy\" decoding=\"async\" class=\"alignnone wp-image-6206 size-medium\" src=\"https:\/\/ecole-saint-aubin.fr\/wp-content\/uploads\/2019\/05\/landart-4-e1557003530973-225x300.jpg\" alt=\"\" width=\"225\" height=\"300\" srcset=\"https:\/\/ecole-saint-aubin.fr\/wp-content\/uploads\/2019\/05\/landart-4-e1557003530973-225x300.jpg 225w, https:\/\/ecole-saint-aubin.fr\/wp-content\/uploads\/2019\/05\/landart-4-e1557003530973-768x1024.jpg 768w, https:\/\/ecole-saint-aubin.fr\/wp-content\/uploads\/2019\/05\/landart-4-e1557003530973-263x350.jpg 263w, https:\/\/ecole-saint-aubin.fr\/wp-content\/uploads\/2019\/05\/landart-4-e1557003530973-113x150.jpg 113w\" sizes=\"(max-width: 225px) 100vw, 225px\" \/><\/a><\/p>\n","protected":false},"excerpt":{"rendered":"<p>&nbsp;&nbsp; Dans le cadre de notre projet artistique, l&rsquo;\u00e9cole s&rsquo;est associ\u00e9e au projet Land&rsquo;art propos\u00e9 par le conseil des enfants de la commune. Pour embellir les chemins de randonn\u00e9es de La Chevallerais, des cr\u00e9ations artistiques sur le th\u00e8me des animaux fantastiques vont \u00eatre r\u00e9alis\u00e9es. St\u00e9phane Gasnier, responsable du projet, est venu expliquer cette d\u00e9marche aupr\u00e8s<\/p>\n<p><a href=\"https:\/\/ecole-saint-aubin.fr\/index.php\/2019\/05\/04\/projet-landart\/\" class=\"more-link themebutton\">Lire la suite<\/a><\/p>\n","protected":false},"author":7,"featured_media":6204,"comment_status":"closed","ping_status":"closed","sticky":false,"template":"","format":"standard","meta":{"ngg_post_thumbnail":0,"footnotes":""},"categories":[27,7,31,34],"tags":[],"_links":{"self":[{"href":"https:\/\/ecole-saint-aubin.fr\/index.php\/wp-json\/wp\/v2\/posts\/6214"}],"collection":[{"href":"https:\/\/ecole-saint-aubin.fr\/index.php\/wp-json\/wp\/v2\/posts"}],"about":[{"href":"https:\/\/ecole-saint-aubin.fr\/index.php\/wp-json\/wp\/v2\/types\/post"}],"author":[{"embeddable":true,"href":"https:\/\/ecole-saint-aubin.fr\/index.php\/wp-json\/wp\/v2\/users\/7"}],"replies":[{"embeddable":true,"href":"https:\/\/ecole-saint-aubin.fr\/index.php\/wp-json\/wp\/v2\/comments?post=6214"}],"version-history":[{"count":2,"href":"https:\/\/ecole-saint-aubin.fr\/index.php\/wp-json\/wp\/v2\/posts\/6214\/revisions"}],"predecessor-version":[{"id":6216,"href":"https:\/\/ecole-saint-aubin.fr\/index.php\/wp-json\/wp\/v2\/posts\/6214\/revisions\/6216"}],"wp:featuredmedia":[{"embeddable":true,"href":"https:\/\/ecole-saint-aubin.fr\/index.php\/wp-json\/wp\/v2\/media\/6204"}],"wp:attachment":[{"href":"https:\/\/ecole-saint-aubin.fr\/index.php\/wp-json\/wp\/v2\/media?parent=6214"}],"wp:term":[{"taxonomy":"category","embeddable":true,"href":"https:\/\/ecole-saint-aubin.fr\/index.php\/wp-json\/wp\/v2\/categories?post=6214"},{"taxonomy":"post_tag","embeddable":true,"href":"https:\/\/ecole-saint-aubin.fr\/index.php\/wp-json\/wp\/v2\/tags?post=6214"}],"curies":[{"name":"wp","href":"https:\/\/api.w.org\/{rel}","templated":true}]}}