{"id":6211,"date":"2019-05-04T22:13:23","date_gmt":"2019-05-04T20:13:23","guid":{"rendered":"https:\/\/ecole-saint-aubin.fr\/?p=6211"},"modified":"2019-05-04T22:45:16","modified_gmt":"2019-05-04T20:45:16","slug":"au-revoir-esther","status":"publish","type":"post","link":"https:\/\/ecole-saint-aubin.fr\/index.php\/2019\/05\/04\/au-revoir-esther\/","title":{"rendered":"Au revoir Esther"},"content":{"rendered":"<p>Les s\u00e9ances d&rsquo;Esther (assistante Erasmus du coll\u00e8ge) sont d\u00e9j\u00e0 termin\u00e9es. Gr\u00e2ce \u00e0 elle, nous connaissons d\u00e9sormais un peu mieux son pays et sa culture. Nous avons appris le vocabulaire des nombres, des couleurs et quelques expressions de la vie de tous les jours. Elle nous a aussi fait d\u00e9couvrir le c\u00e9l\u00e8bre artiste Gaudi. Un grand merci \u00e0 Esther pour sa gentillesse et sa bienveillance.<\/p>\n<p><a href=\"https:\/\/ecole-saint-aubin.fr\/wp-content\/uploads\/2019\/05\/esther.jpg\"><img loading=\"lazy\" decoding=\"async\" class=\"alignnone wp-image-6197 size-medium\" src=\"https:\/\/ecole-saint-aubin.fr\/wp-content\/uploads\/2019\/05\/esther-e1557000548324-225x300.jpg\" alt=\"\" width=\"225\" height=\"300\" srcset=\"https:\/\/ecole-saint-aubin.fr\/wp-content\/uploads\/2019\/05\/esther-e1557000548324-225x300.jpg 225w, https:\/\/ecole-saint-aubin.fr\/wp-content\/uploads\/2019\/05\/esther-e1557000548324-768x1024.jpg 768w, https:\/\/ecole-saint-aubin.fr\/wp-content\/uploads\/2019\/05\/esther-e1557000548324-263x350.jpg 263w, https:\/\/ecole-saint-aubin.fr\/wp-content\/uploads\/2019\/05\/esther-e1557000548324-113x150.jpg 113w\" sizes=\"(max-width: 225px) 100vw, 225px\" \/><\/a><a href=\"https:\/\/ecole-saint-aubin.fr\/wp-content\/uploads\/2019\/05\/esther2.jpg\"><img loading=\"lazy\" decoding=\"async\" class=\"alignnone wp-image-6198 size-medium\" src=\"https:\/\/ecole-saint-aubin.fr\/wp-content\/uploads\/2019\/05\/esther2-e1557000596512-225x300.jpg\" alt=\"\" width=\"225\" height=\"300\" srcset=\"https:\/\/ecole-saint-aubin.fr\/wp-content\/uploads\/2019\/05\/esther2-e1557000596512-225x300.jpg 225w, https:\/\/ecole-saint-aubin.fr\/wp-content\/uploads\/2019\/05\/esther2-e1557000596512-768x1024.jpg 768w, https:\/\/ecole-saint-aubin.fr\/wp-content\/uploads\/2019\/05\/esther2-e1557000596512-263x350.jpg 263w, https:\/\/ecole-saint-aubin.fr\/wp-content\/uploads\/2019\/05\/esther2-e1557000596512-113x150.jpg 113w\" sizes=\"(max-width: 225px) 100vw, 225px\" \/><\/a><a href=\"https:\/\/ecole-saint-aubin.fr\/wp-content\/uploads\/2019\/05\/esther-3.jpg\"><img loading=\"lazy\" decoding=\"async\" class=\"alignnone wp-image-6195 size-medium\" src=\"https:\/\/ecole-saint-aubin.fr\/wp-content\/uploads\/2019\/05\/esther-3-e1557000617396-225x300.jpg\" alt=\"\" width=\"225\" height=\"300\" srcset=\"https:\/\/ecole-saint-aubin.fr\/wp-content\/uploads\/2019\/05\/esther-3-e1557000617396-225x300.jpg 225w, https:\/\/ecole-saint-aubin.fr\/wp-content\/uploads\/2019\/05\/esther-3-e1557000617396-768x1024.jpg 768w, https:\/\/ecole-saint-aubin.fr\/wp-content\/uploads\/2019\/05\/esther-3-e1557000617396-263x350.jpg 263w, https:\/\/ecole-saint-aubin.fr\/wp-content\/uploads\/2019\/05\/esther-3-e1557000617396-113x150.jpg 113w\" sizes=\"(max-width: 225px) 100vw, 225px\" \/><\/a><a href=\"https:\/\/ecole-saint-aubin.fr\/wp-content\/uploads\/2019\/05\/esther-4.jpg\"><img loading=\"lazy\" decoding=\"async\" class=\"alignnone wp-image-6196 size-medium\" src=\"https:\/\/ecole-saint-aubin.fr\/wp-content\/uploads\/2019\/05\/esther-4-e1557000645771-225x300.jpg\" alt=\"\" width=\"225\" height=\"300\" srcset=\"https:\/\/ecole-saint-aubin.fr\/wp-content\/uploads\/2019\/05\/esther-4-e1557000645771-225x300.jpg 225w, https:\/\/ecole-saint-aubin.fr\/wp-content\/uploads\/2019\/05\/esther-4-e1557000645771-768x1024.jpg 768w, https:\/\/ecole-saint-aubin.fr\/wp-content\/uploads\/2019\/05\/esther-4-e1557000645771-263x350.jpg 263w, https:\/\/ecole-saint-aubin.fr\/wp-content\/uploads\/2019\/05\/esther-4-e1557000645771-113x150.jpg 113w\" sizes=\"(max-width: 225px) 100vw, 225px\" \/><\/a><a href=\"https:\/\/ecole-saint-aubin.fr\/wp-content\/uploads\/2019\/05\/gaudi.jpg\"><img loading=\"lazy\" decoding=\"async\" class=\"alignnone wp-image-6212 size-medium\" src=\"https:\/\/ecole-saint-aubin.fr\/wp-content\/uploads\/2019\/05\/gaudi-e1557000665215-225x300.jpg\" alt=\"\" width=\"225\" height=\"300\" srcset=\"https:\/\/ecole-saint-aubin.fr\/wp-content\/uploads\/2019\/05\/gaudi-e1557000665215-225x300.jpg 225w, https:\/\/ecole-saint-aubin.fr\/wp-content\/uploads\/2019\/05\/gaudi-e1557000665215-768x1024.jpg 768w, https:\/\/ecole-saint-aubin.fr\/wp-content\/uploads\/2019\/05\/gaudi-e1557000665215-263x350.jpg 263w, https:\/\/ecole-saint-aubin.fr\/wp-content\/uploads\/2019\/05\/gaudi-e1557000665215-113x150.jpg 113w\" sizes=\"(max-width: 225px) 100vw, 225px\" \/><\/a><\/p>\n<p>&nbsp;<\/p>\n","protected":false},"excerpt":{"rendered":"<p>Les s\u00e9ances d&rsquo;Esther (assistante Erasmus du coll\u00e8ge) sont d\u00e9j\u00e0 termin\u00e9es. Gr\u00e2ce \u00e0 elle, nous connaissons d\u00e9sormais un peu mieux son pays et sa culture. Nous avons appris le vocabulaire des nombres, des couleurs et quelques expressions de la vie de tous les jours. Elle nous a aussi fait d\u00e9couvrir le c\u00e9l\u00e8bre artiste Gaudi. Un grand<\/p>\n<p><a href=\"https:\/\/ecole-saint-aubin.fr\/index.php\/2019\/05\/04\/au-revoir-esther\/\" class=\"more-link themebutton\">Lire la suite<\/a><\/p>\n","protected":false},"author":7,"featured_media":6197,"comment_status":"closed","ping_status":"closed","sticky":false,"template":"","format":"standard","meta":{"ngg_post_thumbnail":0,"footnotes":""},"categories":[27,7,31,34],"tags":[],"_links":{"self":[{"href":"https:\/\/ecole-saint-aubin.fr\/index.php\/wp-json\/wp\/v2\/posts\/6211"}],"collection":[{"href":"https:\/\/ecole-saint-aubin.fr\/index.php\/wp-json\/wp\/v2\/posts"}],"about":[{"href":"https:\/\/ecole-saint-aubin.fr\/index.php\/wp-json\/wp\/v2\/types\/post"}],"author":[{"embeddable":true,"href":"https:\/\/ecole-saint-aubin.fr\/index.php\/wp-json\/wp\/v2\/users\/7"}],"replies":[{"embeddable":true,"href":"https:\/\/ecole-saint-aubin.fr\/index.php\/wp-json\/wp\/v2\/comments?post=6211"}],"version-history":[{"count":1,"href":"https:\/\/ecole-saint-aubin.fr\/index.php\/wp-json\/wp\/v2\/posts\/6211\/revisions"}],"predecessor-version":[{"id":6213,"href":"https:\/\/ecole-saint-aubin.fr\/index.php\/wp-json\/wp\/v2\/posts\/6211\/revisions\/6213"}],"wp:featuredmedia":[{"embeddable":true,"href":"https:\/\/ecole-saint-aubin.fr\/index.php\/wp-json\/wp\/v2\/media\/6197"}],"wp:attachment":[{"href":"https:\/\/ecole-saint-aubin.fr\/index.php\/wp-json\/wp\/v2\/media?parent=6211"}],"wp:term":[{"taxonomy":"category","embeddable":true,"href":"https:\/\/ecole-saint-aubin.fr\/index.php\/wp-json\/wp\/v2\/categories?post=6211"},{"taxonomy":"post_tag","embeddable":true,"href":"https:\/\/ecole-saint-aubin.fr\/index.php\/wp-json\/wp\/v2\/tags?post=6211"}],"curies":[{"name":"wp","href":"https:\/\/api.w.org\/{rel}","templated":true}]}}