{"id":5865,"date":"2019-02-09T16:39:57","date_gmt":"2019-02-09T15:39:57","guid":{"rendered":"https:\/\/ecole-saint-aubin.fr\/?p=5865"},"modified":"2019-02-09T16:39:57","modified_gmt":"2019-02-09T15:39:57","slug":"les-eleves-de-maternelle-fetent-tous-ensemble-la-nouvelle-annee","status":"publish","type":"post","link":"https:\/\/ecole-saint-aubin.fr\/index.php\/2019\/02\/09\/les-eleves-de-maternelle-fetent-tous-ensemble-la-nouvelle-annee\/","title":{"rendered":"Les \u00e9l\u00e8ves de maternelle f\u00eatent tous ensemble la nouvelle ann\u00e9e !"},"content":{"rendered":"<p><a href=\"https:\/\/ecole-saint-aubin.fr\/wp-content\/uploads\/2019\/02\/IMG_4994-1.jpg\"><img loading=\"lazy\" decoding=\"async\" class=\"aligncenter size-medium wp-image-5866\" src=\"https:\/\/ecole-saint-aubin.fr\/wp-content\/uploads\/2019\/02\/IMG_4994-1-300x225.jpg\" alt=\"\" width=\"300\" height=\"225\" srcset=\"https:\/\/ecole-saint-aubin.fr\/wp-content\/uploads\/2019\/02\/IMG_4994-1-300x225.jpg 300w, https:\/\/ecole-saint-aubin.fr\/wp-content\/uploads\/2019\/02\/IMG_4994-1-768x576.jpg 768w, https:\/\/ecole-saint-aubin.fr\/wp-content\/uploads\/2019\/02\/IMG_4994-1-1024x768.jpg 1024w, https:\/\/ecole-saint-aubin.fr\/wp-content\/uploads\/2019\/02\/IMG_4994-1-467x350.jpg 467w, https:\/\/ecole-saint-aubin.fr\/wp-content\/uploads\/2019\/02\/IMG_4994-1-150x113.jpg 150w\" sizes=\"(max-width: 300px) 100vw, 300px\" \/><\/a><\/p>\n<p>Jeudi 10 janvier 2019, tous les \u00e9l\u00e8ves de maternelle de l\u2019\u00e9cole Saint-Aubin se sont r\u00e9unis pour f\u00eater ensemble la nouvelle ann\u00e9e.<\/p>\n<p>Pour l\u2019occasion, ils ont partag\u00e9 une grande galette avec 4 f\u00e8ves \u00e0 l\u2019int\u00e9rieur !<\/p>\n<p>Les rois et reines ont \u00e9t\u00e9 chaleureusement applaudis.<\/p>\n<p>Ce moment de convivialit\u00e9 a \u00e9t\u00e9 tr\u00e8s appr\u00e9ci\u00e9 par les enfants.<\/p>\n","protected":false},"excerpt":{"rendered":"<p>Jeudi 10 janvier 2019, tous les \u00e9l\u00e8ves de maternelle de l\u2019\u00e9cole Saint-Aubin se sont r\u00e9unis pour f\u00eater ensemble la nouvelle ann\u00e9e. Pour l\u2019occasion, ils ont partag\u00e9 une grande galette avec 4 f\u00e8ves \u00e0 l\u2019int\u00e9rieur ! Les rois et reines ont \u00e9t\u00e9 chaleureusement applaudis. Ce moment de convivialit\u00e9 a \u00e9t\u00e9 tr\u00e8s appr\u00e9ci\u00e9 par les enfants.<\/p>\n","protected":false},"author":8,"featured_media":0,"comment_status":"closed","ping_status":"closed","sticky":false,"template":"","format":"standard","meta":{"ngg_post_thumbnail":0,"footnotes":""},"categories":[7,28],"tags":[],"_links":{"self":[{"href":"https:\/\/ecole-saint-aubin.fr\/index.php\/wp-json\/wp\/v2\/posts\/5865"}],"collection":[{"href":"https:\/\/ecole-saint-aubin.fr\/index.php\/wp-json\/wp\/v2\/posts"}],"about":[{"href":"https:\/\/ecole-saint-aubin.fr\/index.php\/wp-json\/wp\/v2\/types\/post"}],"author":[{"embeddable":true,"href":"https:\/\/ecole-saint-aubin.fr\/index.php\/wp-json\/wp\/v2\/users\/8"}],"replies":[{"embeddable":true,"href":"https:\/\/ecole-saint-aubin.fr\/index.php\/wp-json\/wp\/v2\/comments?post=5865"}],"version-history":[{"count":1,"href":"https:\/\/ecole-saint-aubin.fr\/index.php\/wp-json\/wp\/v2\/posts\/5865\/revisions"}],"predecessor-version":[{"id":5867,"href":"https:\/\/ecole-saint-aubin.fr\/index.php\/wp-json\/wp\/v2\/posts\/5865\/revisions\/5867"}],"wp:attachment":[{"href":"https:\/\/ecole-saint-aubin.fr\/index.php\/wp-json\/wp\/v2\/media?parent=5865"}],"wp:term":[{"taxonomy":"category","embeddable":true,"href":"https:\/\/ecole-saint-aubin.fr\/index.php\/wp-json\/wp\/v2\/categories?post=5865"},{"taxonomy":"post_tag","embeddable":true,"href":"https:\/\/ecole-saint-aubin.fr\/index.php\/wp-json\/wp\/v2\/tags?post=5865"}],"curies":[{"name":"wp","href":"https:\/\/api.w.org\/{rel}","templated":true}]}}