{"id":2965,"date":"2017-11-15T12:40:54","date_gmt":"2017-11-15T11:40:54","guid":{"rendered":"http:\/\/ecole-saint-aubin.fr\/?p=2965"},"modified":"2017-12-04T17:23:32","modified_gmt":"2017-12-04T16:23:32","slug":"visite-de-la-salle-du-conseil-municipal","status":"publish","type":"post","link":"https:\/\/ecole-saint-aubin.fr\/index.php\/2017\/11\/15\/visite-de-la-salle-du-conseil-municipal\/","title":{"rendered":"Visite de la salle du conseil municipal"},"content":{"rendered":"<p>Mardi 14 novembre, nous avons \u00e9t\u00e9 visiter la salle du conseil municipal de la mairie en lien avec le projet de cr\u00e9ation du conseil municipal des enfants.<\/p>\n<p><a href=\"http:\/\/ecole-saint-aubin.fr\/wp-content\/uploads\/2017\/11\/DSC07033.jpg\"><img loading=\"lazy\" decoding=\"async\" class=\"alignnone size-medium wp-image-2969\" src=\"http:\/\/ecole-saint-aubin.fr\/wp-content\/uploads\/2017\/11\/DSC07033-300x225.jpg\" alt=\"\" width=\"300\" height=\"225\" srcset=\"https:\/\/ecole-saint-aubin.fr\/wp-content\/uploads\/2017\/11\/DSC07033-300x225.jpg 300w, https:\/\/ecole-saint-aubin.fr\/wp-content\/uploads\/2017\/11\/DSC07033-768x576.jpg 768w, https:\/\/ecole-saint-aubin.fr\/wp-content\/uploads\/2017\/11\/DSC07033-1024x768.jpg 1024w, https:\/\/ecole-saint-aubin.fr\/wp-content\/uploads\/2017\/11\/DSC07033-467x350.jpg 467w, https:\/\/ecole-saint-aubin.fr\/wp-content\/uploads\/2017\/11\/DSC07033-150x113.jpg 150w\" sizes=\"(max-width: 300px) 100vw, 300px\" \/><\/a><a href=\"http:\/\/ecole-saint-aubin.fr\/wp-content\/uploads\/2017\/11\/DSC07028.jpg\">\u00a0 \u00a0 \u00a0\u00a0<img loading=\"lazy\" decoding=\"async\" class=\"alignnone wp-image-2966\" src=\"http:\/\/ecole-saint-aubin.fr\/wp-content\/uploads\/2017\/11\/DSC07028-300x66.jpg\" alt=\"\" width=\"314\" height=\"69\" srcset=\"https:\/\/ecole-saint-aubin.fr\/wp-content\/uploads\/2017\/11\/DSC07028-300x66.jpg 300w, https:\/\/ecole-saint-aubin.fr\/wp-content\/uploads\/2017\/11\/DSC07028-768x169.jpg 768w, https:\/\/ecole-saint-aubin.fr\/wp-content\/uploads\/2017\/11\/DSC07028-1024x225.jpg 1024w, https:\/\/ecole-saint-aubin.fr\/wp-content\/uploads\/2017\/11\/DSC07028-900x198.jpg 900w, https:\/\/ecole-saint-aubin.fr\/wp-content\/uploads\/2017\/11\/DSC07028-150x33.jpg 150w\" sizes=\"(max-width: 314px) 100vw, 314px\" \/><\/a> <a href=\"http:\/\/ecole-saint-aubin.fr\/wp-content\/uploads\/2017\/11\/DSC07029.jpg\"><img loading=\"lazy\" decoding=\"async\" class=\"alignnone size-medium wp-image-2967\" src=\"http:\/\/ecole-saint-aubin.fr\/wp-content\/uploads\/2017\/11\/DSC07029-225x300.jpg\" alt=\"\" width=\"225\" height=\"300\" srcset=\"https:\/\/ecole-saint-aubin.fr\/wp-content\/uploads\/2017\/11\/DSC07029-225x300.jpg 225w, https:\/\/ecole-saint-aubin.fr\/wp-content\/uploads\/2017\/11\/DSC07029-768x1024.jpg 768w, https:\/\/ecole-saint-aubin.fr\/wp-content\/uploads\/2017\/11\/DSC07029-263x350.jpg 263w, https:\/\/ecole-saint-aubin.fr\/wp-content\/uploads\/2017\/11\/DSC07029-113x150.jpg 113w\" sizes=\"(max-width: 225px) 100vw, 225px\" \/><\/a> <a href=\"http:\/\/ecole-saint-aubin.fr\/wp-content\/uploads\/2017\/11\/DSC07030.jpg\"><img loading=\"lazy\" decoding=\"async\" class=\"alignnone size-medium wp-image-2968\" src=\"http:\/\/ecole-saint-aubin.fr\/wp-content\/uploads\/2017\/11\/DSC07030-300x225.jpg\" alt=\"\" width=\"300\" height=\"225\" srcset=\"https:\/\/ecole-saint-aubin.fr\/wp-content\/uploads\/2017\/11\/DSC07030-300x225.jpg 300w, https:\/\/ecole-saint-aubin.fr\/wp-content\/uploads\/2017\/11\/DSC07030-768x576.jpg 768w, https:\/\/ecole-saint-aubin.fr\/wp-content\/uploads\/2017\/11\/DSC07030-1024x768.jpg 1024w, https:\/\/ecole-saint-aubin.fr\/wp-content\/uploads\/2017\/11\/DSC07030-467x350.jpg 467w, https:\/\/ecole-saint-aubin.fr\/wp-content\/uploads\/2017\/11\/DSC07030-150x113.jpg 150w\" sizes=\"(max-width: 300px) 100vw, 300px\" \/><\/a><\/p>\n<p>Nous avons pu poser pleins de questions \u00e0 Madame Le Maire: Elisabeth CRUAUD sur le r\u00f4le de la mairie, du maire, que fait un conseil municipal, l&rsquo;histoire de la Chevallerais&#8230;<\/p>\n<p>Nous avons observ\u00e9 une ancienne carte de La Chevallerais, nous avons essay\u00e9 de nous rep\u00e9rer: trouver l&rsquo;\u00e9cole, la mairie, notre maison&#8230;<\/p>\n<p><a href=\"http:\/\/ecole-saint-aubin.fr\/wp-content\/uploads\/2017\/11\/DSC07031.jpg\"><img loading=\"lazy\" decoding=\"async\" class=\"alignnone size-medium wp-image-2970\" src=\"http:\/\/ecole-saint-aubin.fr\/wp-content\/uploads\/2017\/11\/DSC07031-300x225.jpg\" alt=\"\" width=\"300\" height=\"225\" srcset=\"https:\/\/ecole-saint-aubin.fr\/wp-content\/uploads\/2017\/11\/DSC07031-300x225.jpg 300w, https:\/\/ecole-saint-aubin.fr\/wp-content\/uploads\/2017\/11\/DSC07031-768x576.jpg 768w, https:\/\/ecole-saint-aubin.fr\/wp-content\/uploads\/2017\/11\/DSC07031-1024x768.jpg 1024w, https:\/\/ecole-saint-aubin.fr\/wp-content\/uploads\/2017\/11\/DSC07031-467x350.jpg 467w, https:\/\/ecole-saint-aubin.fr\/wp-content\/uploads\/2017\/11\/DSC07031-150x113.jpg 150w\" sizes=\"(max-width: 300px) 100vw, 300px\" \/><\/a> <a href=\"http:\/\/ecole-saint-aubin.fr\/wp-content\/uploads\/2017\/11\/DSC07032.jpg\"><img loading=\"lazy\" decoding=\"async\" class=\"alignnone size-medium wp-image-2971\" src=\"http:\/\/ecole-saint-aubin.fr\/wp-content\/uploads\/2017\/11\/DSC07032-300x225.jpg\" alt=\"\" width=\"300\" height=\"225\" srcset=\"https:\/\/ecole-saint-aubin.fr\/wp-content\/uploads\/2017\/11\/DSC07032-300x225.jpg 300w, https:\/\/ecole-saint-aubin.fr\/wp-content\/uploads\/2017\/11\/DSC07032-768x576.jpg 768w, https:\/\/ecole-saint-aubin.fr\/wp-content\/uploads\/2017\/11\/DSC07032-1024x768.jpg 1024w, https:\/\/ecole-saint-aubin.fr\/wp-content\/uploads\/2017\/11\/DSC07032-467x350.jpg 467w, https:\/\/ecole-saint-aubin.fr\/wp-content\/uploads\/2017\/11\/DSC07032-150x113.jpg 150w\" sizes=\"(max-width: 300px) 100vw, 300px\" \/><\/a><\/p>\n<p>Mme Cruaud nous a \u00e9galement racont\u00e9 des petites histoires sur la Chevallerais:<\/p>\n<ul>\n<li>La commune de la Chevallerais a une forme de \u00ab\u00a0poire\u00a0\u00bb, bord\u00e9e de petits ruisseaux.<\/li>\n<li>Quand il y a beaucoup de vent \u00e0 La Chevallerais, nous pouvons nous placer devant l&rsquo;\u00e9glise et regarder le clocher, il y a un effet d&rsquo;optique: on a l&rsquo;impression qu&rsquo;il bouge de gauche \u00e0 droite. ( Malheureusement nous n&rsquo;avons pas pu le constater car il n&rsquo;y avait pas beaucoup de vent ce mardi)<\/li>\n<li>Il y a un deuxi\u00e8me clocher \u00e0 La Chevallerais sur une maison. C&rsquo;est la maison d&rsquo;un ancien marchand de drag\u00e9es.<\/li>\n<li><\/li>\n<li>\u00a0<a href=\"http:\/\/ecole-saint-aubin.fr\/wp-content\/uploads\/2017\/11\/DSC07034.jpg\"><img loading=\"lazy\" decoding=\"async\" class=\"alignnone size-medium wp-image-2972\" src=\"http:\/\/ecole-saint-aubin.fr\/wp-content\/uploads\/2017\/11\/DSC07034-300x225.jpg\" alt=\"\" width=\"300\" height=\"225\" srcset=\"https:\/\/ecole-saint-aubin.fr\/wp-content\/uploads\/2017\/11\/DSC07034-300x225.jpg 300w, https:\/\/ecole-saint-aubin.fr\/wp-content\/uploads\/2017\/11\/DSC07034-768x576.jpg 768w, https:\/\/ecole-saint-aubin.fr\/wp-content\/uploads\/2017\/11\/DSC07034-1024x768.jpg 1024w, https:\/\/ecole-saint-aubin.fr\/wp-content\/uploads\/2017\/11\/DSC07034-467x350.jpg 467w, https:\/\/ecole-saint-aubin.fr\/wp-content\/uploads\/2017\/11\/DSC07034-150x113.jpg 150w\" sizes=\"(max-width: 300px) 100vw, 300px\" \/><\/a> <a href=\"http:\/\/ecole-saint-aubin.fr\/wp-content\/uploads\/2017\/11\/DSC07035.jpg\"><img loading=\"lazy\" decoding=\"async\" class=\"alignnone size-medium wp-image-2973\" src=\"http:\/\/ecole-saint-aubin.fr\/wp-content\/uploads\/2017\/11\/DSC07035-300x225.jpg\" alt=\"\" width=\"300\" height=\"225\" srcset=\"https:\/\/ecole-saint-aubin.fr\/wp-content\/uploads\/2017\/11\/DSC07035-300x225.jpg 300w, https:\/\/ecole-saint-aubin.fr\/wp-content\/uploads\/2017\/11\/DSC07035-768x576.jpg 768w, https:\/\/ecole-saint-aubin.fr\/wp-content\/uploads\/2017\/11\/DSC07035-1024x768.jpg 1024w, https:\/\/ecole-saint-aubin.fr\/wp-content\/uploads\/2017\/11\/DSC07035-467x350.jpg 467w, https:\/\/ecole-saint-aubin.fr\/wp-content\/uploads\/2017\/11\/DSC07035-150x113.jpg 150w\" sizes=\"(max-width: 300px) 100vw, 300px\" \/><\/a><\/li>\n<\/ul>\n","protected":false},"excerpt":{"rendered":"<p>Mardi 14 novembre, nous avons \u00e9t\u00e9 visiter la salle du conseil municipal de la mairie en lien avec le projet de cr\u00e9ation du conseil municipal des enfants. \u00a0 \u00a0 \u00a0\u00a0 Nous avons pu poser pleins de questions \u00e0 Madame Le Maire: Elisabeth CRUAUD sur le r\u00f4le de la mairie, du maire, que fait un conseil<\/p>\n<p><a href=\"https:\/\/ecole-saint-aubin.fr\/index.php\/2017\/11\/15\/visite-de-la-salle-du-conseil-municipal\/\" class=\"more-link themebutton\">Lire la suite<\/a><\/p>\n","protected":false},"author":4,"featured_media":0,"comment_status":"closed","ping_status":"closed","sticky":false,"template":"","format":"standard","meta":{"ngg_post_thumbnail":0,"footnotes":""},"categories":[26],"tags":[],"_links":{"self":[{"href":"https:\/\/ecole-saint-aubin.fr\/index.php\/wp-json\/wp\/v2\/posts\/2965"}],"collection":[{"href":"https:\/\/ecole-saint-aubin.fr\/index.php\/wp-json\/wp\/v2\/posts"}],"about":[{"href":"https:\/\/ecole-saint-aubin.fr\/index.php\/wp-json\/wp\/v2\/types\/post"}],"author":[{"embeddable":true,"href":"https:\/\/ecole-saint-aubin.fr\/index.php\/wp-json\/wp\/v2\/users\/4"}],"replies":[{"embeddable":true,"href":"https:\/\/ecole-saint-aubin.fr\/index.php\/wp-json\/wp\/v2\/comments?post=2965"}],"version-history":[{"count":3,"href":"https:\/\/ecole-saint-aubin.fr\/index.php\/wp-json\/wp\/v2\/posts\/2965\/revisions"}],"predecessor-version":[{"id":2976,"href":"https:\/\/ecole-saint-aubin.fr\/index.php\/wp-json\/wp\/v2\/posts\/2965\/revisions\/2976"}],"wp:attachment":[{"href":"https:\/\/ecole-saint-aubin.fr\/index.php\/wp-json\/wp\/v2\/media?parent=2965"}],"wp:term":[{"taxonomy":"category","embeddable":true,"href":"https:\/\/ecole-saint-aubin.fr\/index.php\/wp-json\/wp\/v2\/categories?post=2965"},{"taxonomy":"post_tag","embeddable":true,"href":"https:\/\/ecole-saint-aubin.fr\/index.php\/wp-json\/wp\/v2\/tags?post=2965"}],"curies":[{"name":"wp","href":"https:\/\/api.w.org\/{rel}","templated":true}]}}