{"id":2923,"date":"2017-10-18T16:02:45","date_gmt":"2017-10-18T15:02:45","guid":{"rendered":"http:\/\/ecole-saint-aubin.fr\/?p=2923"},"modified":"2018-02-21T09:31:13","modified_gmt":"2018-02-21T08:31:13","slug":"la-championne-paralympique-marie-amelie-le-fur-est-venue-a-la-rencontre-des-eleves-de-lecole","status":"publish","type":"post","link":"https:\/\/ecole-saint-aubin.fr\/index.php\/2017\/10\/18\/la-championne-paralympique-marie-amelie-le-fur-est-venue-a-la-rencontre-des-eleves-de-lecole\/","title":{"rendered":"La championne paralympique Marie-Am\u00e9lie Le Fur est venue \u00e0 la rencontre des \u00e9l\u00e8ves de l&rsquo;\u00e9cole."},"content":{"rendered":"<p>Vendredi 6 octobre, Marie-Am\u00e9lie Le Fur est venue r\u00e9pondre aux questions des \u00e9l\u00e8ves de l&rsquo;\u00e9cole Saint-Aubin.<\/p>\n<p>Cette rencontre\u00a0concluait\u00a0 notre projet d&rsquo;\u00e9cole 2016-2017 dont le th\u00e8me \u00e9tait l&rsquo;ouverture aux autres, \u00e0 la diff\u00e9rence.<\/p>\n<p>Athl\u00e8te handisport de tr\u00e8s haut niveau, Marie-Am\u00e9lie\u00a0est d\u00e9tentrice de 8 m\u00e9dailles olympiques (jeux paralympiques de P\u00e9kin, Londres et Rio).<\/p>\n<p><a href=\"http:\/\/ecole-saint-aubin.fr\/wp-content\/uploads\/2017\/10\/IMG_20171006_152911.jpg\"><img loading=\"lazy\" decoding=\"async\" class=\" wp-image-2925 aligncenter\" src=\"http:\/\/ecole-saint-aubin.fr\/wp-content\/uploads\/2017\/10\/IMG_20171006_152911-768x1024.jpg\" alt=\"\" width=\"556\" height=\"741\" srcset=\"https:\/\/ecole-saint-aubin.fr\/wp-content\/uploads\/2017\/10\/IMG_20171006_152911-768x1024.jpg 768w, https:\/\/ecole-saint-aubin.fr\/wp-content\/uploads\/2017\/10\/IMG_20171006_152911-225x300.jpg 225w, https:\/\/ecole-saint-aubin.fr\/wp-content\/uploads\/2017\/10\/IMG_20171006_152911-263x350.jpg 263w, https:\/\/ecole-saint-aubin.fr\/wp-content\/uploads\/2017\/10\/IMG_20171006_152911-113x150.jpg 113w\" sizes=\"(max-width: 556px) 100vw, 556px\" \/><\/a><\/p>\n<p>\u00ab\u00a0<em>Vous avez le droit de regarder mais pas de vous moquer. La personne n&rsquo;est pas moins bien que vous, elle est juste diff\u00e9rente\u00a0\u00bb.<\/em><\/p>\n<p>Adaptant son discours aux diff\u00e9rents publics, r\u00e9pondant avec naturel et souci de la pr\u00e9cision aux questions pr\u00e9par\u00e9es par les \u00e9l\u00e8ves, Marie-Am\u00e9lie Le Fur avait \u00e0 coeur de faire passer un message de tol\u00e9rance et de vivre-ensemble.<\/p>\n<p>Toute l&rsquo;\u00e9quipe tient \u00e0 la remercier pour sa disponibilit\u00e9 et son investissement dynamique lors de cette rencontre.<\/p>\n<p>Un grand merci \u00e9galement \u00e0 Madame Lebeau, qui a rendu possible cette journ\u00e9e.<\/p>\n<p style=\"text-align: right;\">L&rsquo;\u00e9quipe enseignante<\/p>\n<p>&nbsp;<\/p>\n\n\t\t<style type=\"text\/css\">\n\t\t\t#gallery-1 {\n\t\t\t\tmargin: auto;\n\t\t\t}\n\t\t\t#gallery-1 .gallery-item {\n\t\t\t\tfloat: left;\n\t\t\t\tmargin-top: 10px;\n\t\t\t\ttext-align: center;\n\t\t\t\twidth: 50%;\n\t\t\t}\n\t\t\t#gallery-1 img {\n\t\t\t\tborder: 2px solid #cfcfcf;\n\t\t\t}\n\t\t\t#gallery-1 .gallery-caption {\n\t\t\t\tmargin-left: 0;\n\t\t\t}\n\t\t\t\/* see gallery_shortcode() in wp-includes\/media.php *\/\n\t\t<\/style>\n\t\t<div id='gallery-1' class='gallery galleryid-2923 gallery-columns-2 gallery-size-medium'><dl class='gallery-item'>\n\t\t\t<dt class='gallery-icon landscape'>\n\t\t\t\t<a href='https:\/\/ecole-saint-aubin.fr\/index.php\/2017\/10\/18\/la-championne-paralympique-marie-amelie-le-fur-est-venue-a-la-rencontre-des-eleves-de-lecole\/sdr\/#main'><img loading=\"lazy\" decoding=\"async\" width=\"300\" height=\"225\" src=\"https:\/\/ecole-saint-aubin.fr\/wp-content\/uploads\/2017\/10\/IMG_20171006_153533-2-300x225.jpg\" class=\"attachment-medium size-medium\" alt=\"\" aria-describedby=\"gallery-1-2926\" srcset=\"https:\/\/ecole-saint-aubin.fr\/wp-content\/uploads\/2017\/10\/IMG_20171006_153533-2-300x225.jpg 300w, https:\/\/ecole-saint-aubin.fr\/wp-content\/uploads\/2017\/10\/IMG_20171006_153533-2-768x576.jpg 768w, https:\/\/ecole-saint-aubin.fr\/wp-content\/uploads\/2017\/10\/IMG_20171006_153533-2-1024x768.jpg 1024w, https:\/\/ecole-saint-aubin.fr\/wp-content\/uploads\/2017\/10\/IMG_20171006_153533-2-467x350.jpg 467w, https:\/\/ecole-saint-aubin.fr\/wp-content\/uploads\/2017\/10\/IMG_20171006_153533-2-150x113.jpg 150w\" sizes=\"(max-width: 300px) 100vw, 300px\" \/><\/a>\n\t\t\t<\/dt>\n\t\t\t\t<dd class='wp-caption-text gallery-caption' id='gallery-1-2926'>\n\t\t\t\tsdr\n\t\t\t\t<\/dd><\/dl><dl class='gallery-item'>\n\t\t\t<dt class='gallery-icon landscape'>\n\t\t\t\t<a href='https:\/\/ecole-saint-aubin.fr\/img_7686\/'><img loading=\"lazy\" decoding=\"async\" width=\"300\" height=\"225\" src=\"https:\/\/ecole-saint-aubin.fr\/wp-content\/uploads\/2017\/10\/IMG_7686-300x225.jpg\" class=\"attachment-medium size-medium\" alt=\"\" srcset=\"https:\/\/ecole-saint-aubin.fr\/wp-content\/uploads\/2017\/10\/IMG_7686-300x225.jpg 300w, https:\/\/ecole-saint-aubin.fr\/wp-content\/uploads\/2017\/10\/IMG_7686-768x576.jpg 768w, https:\/\/ecole-saint-aubin.fr\/wp-content\/uploads\/2017\/10\/IMG_7686-1024x768.jpg 1024w, https:\/\/ecole-saint-aubin.fr\/wp-content\/uploads\/2017\/10\/IMG_7686-467x350.jpg 467w, https:\/\/ecole-saint-aubin.fr\/wp-content\/uploads\/2017\/10\/IMG_7686-150x113.jpg 150w\" sizes=\"(max-width: 300px) 100vw, 300px\" \/><\/a>\n\t\t\t<\/dt><\/dl><br style=\"clear: both\" \/><dl class='gallery-item'>\n\t\t\t<dt class='gallery-icon landscape'>\n\t\t\t\t<a href='https:\/\/ecole-saint-aubin.fr\/img_7684\/'><img loading=\"lazy\" decoding=\"async\" width=\"300\" height=\"225\" src=\"https:\/\/ecole-saint-aubin.fr\/wp-content\/uploads\/2017\/10\/IMG_7684-300x225.jpg\" class=\"attachment-medium size-medium\" alt=\"\" srcset=\"https:\/\/ecole-saint-aubin.fr\/wp-content\/uploads\/2017\/10\/IMG_7684-300x225.jpg 300w, https:\/\/ecole-saint-aubin.fr\/wp-content\/uploads\/2017\/10\/IMG_7684-768x576.jpg 768w, https:\/\/ecole-saint-aubin.fr\/wp-content\/uploads\/2017\/10\/IMG_7684-1024x768.jpg 1024w, https:\/\/ecole-saint-aubin.fr\/wp-content\/uploads\/2017\/10\/IMG_7684-467x350.jpg 467w, https:\/\/ecole-saint-aubin.fr\/wp-content\/uploads\/2017\/10\/IMG_7684-150x113.jpg 150w\" sizes=\"(max-width: 300px) 100vw, 300px\" \/><\/a>\n\t\t\t<\/dt><\/dl><dl class='gallery-item'>\n\t\t\t<dt class='gallery-icon landscape'>\n\t\t\t\t<a href='https:\/\/ecole-saint-aubin.fr\/img_7683\/'><img loading=\"lazy\" decoding=\"async\" width=\"300\" height=\"225\" src=\"https:\/\/ecole-saint-aubin.fr\/wp-content\/uploads\/2017\/10\/IMG_7683-300x225.jpg\" class=\"attachment-medium size-medium\" alt=\"\" srcset=\"https:\/\/ecole-saint-aubin.fr\/wp-content\/uploads\/2017\/10\/IMG_7683-300x225.jpg 300w, https:\/\/ecole-saint-aubin.fr\/wp-content\/uploads\/2017\/10\/IMG_7683-768x576.jpg 768w, https:\/\/ecole-saint-aubin.fr\/wp-content\/uploads\/2017\/10\/IMG_7683-1024x768.jpg 1024w, https:\/\/ecole-saint-aubin.fr\/wp-content\/uploads\/2017\/10\/IMG_7683-467x350.jpg 467w, https:\/\/ecole-saint-aubin.fr\/wp-content\/uploads\/2017\/10\/IMG_7683-150x113.jpg 150w\" sizes=\"(max-width: 300px) 100vw, 300px\" \/><\/a>\n\t\t\t<\/dt><\/dl><br style=\"clear: both\" \/><dl class='gallery-item'>\n\t\t\t<dt class='gallery-icon landscape'>\n\t\t\t\t<a href='https:\/\/ecole-saint-aubin.fr\/img_7681\/'><img loading=\"lazy\" decoding=\"async\" width=\"300\" height=\"225\" src=\"https:\/\/ecole-saint-aubin.fr\/wp-content\/uploads\/2017\/10\/IMG_7681-300x225.jpg\" class=\"attachment-medium size-medium\" alt=\"\" srcset=\"https:\/\/ecole-saint-aubin.fr\/wp-content\/uploads\/2017\/10\/IMG_7681-300x225.jpg 300w, https:\/\/ecole-saint-aubin.fr\/wp-content\/uploads\/2017\/10\/IMG_7681-768x576.jpg 768w, https:\/\/ecole-saint-aubin.fr\/wp-content\/uploads\/2017\/10\/IMG_7681-1024x768.jpg 1024w, https:\/\/ecole-saint-aubin.fr\/wp-content\/uploads\/2017\/10\/IMG_7681-467x350.jpg 467w, https:\/\/ecole-saint-aubin.fr\/wp-content\/uploads\/2017\/10\/IMG_7681-150x113.jpg 150w\" sizes=\"(max-width: 300px) 100vw, 300px\" \/><\/a>\n\t\t\t<\/dt><\/dl><dl class='gallery-item'>\n\t\t\t<dt class='gallery-icon landscape'>\n\t\t\t\t<a href='https:\/\/ecole-saint-aubin.fr\/img_6948\/'><img loading=\"lazy\" decoding=\"async\" width=\"300\" height=\"225\" src=\"https:\/\/ecole-saint-aubin.fr\/wp-content\/uploads\/2017\/10\/IMG_6948-300x225.jpg\" class=\"attachment-medium size-medium\" alt=\"\" srcset=\"https:\/\/ecole-saint-aubin.fr\/wp-content\/uploads\/2017\/10\/IMG_6948-300x225.jpg 300w, https:\/\/ecole-saint-aubin.fr\/wp-content\/uploads\/2017\/10\/IMG_6948-768x576.jpg 768w, https:\/\/ecole-saint-aubin.fr\/wp-content\/uploads\/2017\/10\/IMG_6948-1024x768.jpg 1024w, https:\/\/ecole-saint-aubin.fr\/wp-content\/uploads\/2017\/10\/IMG_6948-467x350.jpg 467w, https:\/\/ecole-saint-aubin.fr\/wp-content\/uploads\/2017\/10\/IMG_6948-150x113.jpg 150w\" sizes=\"(max-width: 300px) 100vw, 300px\" \/><\/a>\n\t\t\t<\/dt><\/dl><br style=\"clear: both\" \/><dl class='gallery-item'>\n\t\t\t<dt class='gallery-icon portrait'>\n\t\t\t\t<a href='https:\/\/ecole-saint-aubin.fr\/img_6925\/'><img loading=\"lazy\" decoding=\"async\" width=\"225\" height=\"300\" src=\"https:\/\/ecole-saint-aubin.fr\/wp-content\/uploads\/2017\/10\/IMG_6925-e1508332114363-225x300.jpg\" class=\"attachment-medium size-medium\" alt=\"\" srcset=\"https:\/\/ecole-saint-aubin.fr\/wp-content\/uploads\/2017\/10\/IMG_6925-e1508332114363-225x300.jpg 225w, https:\/\/ecole-saint-aubin.fr\/wp-content\/uploads\/2017\/10\/IMG_6925-e1508332114363-768x1024.jpg 768w, https:\/\/ecole-saint-aubin.fr\/wp-content\/uploads\/2017\/10\/IMG_6925-e1508332114363-263x350.jpg 263w, https:\/\/ecole-saint-aubin.fr\/wp-content\/uploads\/2017\/10\/IMG_6925-e1508332114363-113x150.jpg 113w\" sizes=\"(max-width: 225px) 100vw, 225px\" \/><\/a>\n\t\t\t<\/dt><\/dl><dl class='gallery-item'>\n\t\t\t<dt class='gallery-icon landscape'>\n\t\t\t\t<a href='https:\/\/ecole-saint-aubin.fr\/img_6923\/'><img loading=\"lazy\" decoding=\"async\" width=\"300\" height=\"225\" src=\"https:\/\/ecole-saint-aubin.fr\/wp-content\/uploads\/2017\/10\/IMG_6923-300x225.jpg\" class=\"attachment-medium size-medium\" alt=\"\" srcset=\"https:\/\/ecole-saint-aubin.fr\/wp-content\/uploads\/2017\/10\/IMG_6923-300x225.jpg 300w, https:\/\/ecole-saint-aubin.fr\/wp-content\/uploads\/2017\/10\/IMG_6923-768x576.jpg 768w, https:\/\/ecole-saint-aubin.fr\/wp-content\/uploads\/2017\/10\/IMG_6923-1024x768.jpg 1024w, https:\/\/ecole-saint-aubin.fr\/wp-content\/uploads\/2017\/10\/IMG_6923-467x350.jpg 467w, https:\/\/ecole-saint-aubin.fr\/wp-content\/uploads\/2017\/10\/IMG_6923-150x113.jpg 150w\" sizes=\"(max-width: 300px) 100vw, 300px\" \/><\/a>\n\t\t\t<\/dt><\/dl><br style=\"clear: both\" \/><dl class='gallery-item'>\n\t\t\t<dt class='gallery-icon portrait'>\n\t\t\t\t<a href='https:\/\/ecole-saint-aubin.fr\/img_6931\/'><img loading=\"lazy\" decoding=\"async\" width=\"225\" height=\"300\" src=\"https:\/\/ecole-saint-aubin.fr\/wp-content\/uploads\/2017\/10\/IMG_6931-e1508332097658-225x300.jpg\" class=\"attachment-medium size-medium\" alt=\"\" srcset=\"https:\/\/ecole-saint-aubin.fr\/wp-content\/uploads\/2017\/10\/IMG_6931-e1508332097658-225x300.jpg 225w, https:\/\/ecole-saint-aubin.fr\/wp-content\/uploads\/2017\/10\/IMG_6931-e1508332097658-768x1024.jpg 768w, https:\/\/ecole-saint-aubin.fr\/wp-content\/uploads\/2017\/10\/IMG_6931-e1508332097658-263x350.jpg 263w, https:\/\/ecole-saint-aubin.fr\/wp-content\/uploads\/2017\/10\/IMG_6931-e1508332097658-113x150.jpg 113w\" sizes=\"(max-width: 225px) 100vw, 225px\" \/><\/a>\n\t\t\t<\/dt><\/dl><dl class='gallery-item'>\n\t\t\t<dt class='gallery-icon portrait'>\n\t\t\t\t<a href='https:\/\/ecole-saint-aubin.fr\/index.php\/2017\/10\/18\/la-championne-paralympique-marie-amelie-le-fur-est-venue-a-la-rencontre-des-eleves-de-lecole\/dav\/#main'><img loading=\"lazy\" decoding=\"async\" width=\"225\" height=\"300\" src=\"https:\/\/ecole-saint-aubin.fr\/wp-content\/uploads\/2017\/10\/IMG_20171006_152321-225x300.jpg\" class=\"attachment-medium size-medium\" alt=\"\" srcset=\"https:\/\/ecole-saint-aubin.fr\/wp-content\/uploads\/2017\/10\/IMG_20171006_152321-225x300.jpg 225w, https:\/\/ecole-saint-aubin.fr\/wp-content\/uploads\/2017\/10\/IMG_20171006_152321-768x1024.jpg 768w, https:\/\/ecole-saint-aubin.fr\/wp-content\/uploads\/2017\/10\/IMG_20171006_152321-263x350.jpg 263w, https:\/\/ecole-saint-aubin.fr\/wp-content\/uploads\/2017\/10\/IMG_20171006_152321-113x150.jpg 113w\" sizes=\"(max-width: 225px) 100vw, 225px\" \/><\/a>\n\t\t\t<\/dt><\/dl><br style=\"clear: both\" \/>\n\t\t<\/div>\n\n<p>&nbsp;<\/p>\n<p>Cette rencontre a m\u00eame eu les honneurs de la presse:<\/p>\n<p><a href=\"http:\/\/ecole-saint-aubin.fr\/wp-content\/uploads\/2017\/10\/img097-3-.jpg\"><img loading=\"lazy\" decoding=\"async\" class=\"aligncenter size-large wp-image-2922\" src=\"http:\/\/ecole-saint-aubin.fr\/wp-content\/uploads\/2017\/10\/img097-3--691x1024.jpg\" alt=\"\" width=\"691\" height=\"1024\" srcset=\"https:\/\/ecole-saint-aubin.fr\/wp-content\/uploads\/2017\/10\/img097-3--691x1024.jpg 691w, https:\/\/ecole-saint-aubin.fr\/wp-content\/uploads\/2017\/10\/img097-3--202x300.jpg 202w, https:\/\/ecole-saint-aubin.fr\/wp-content\/uploads\/2017\/10\/img097-3--768x1139.jpg 768w, https:\/\/ecole-saint-aubin.fr\/wp-content\/uploads\/2017\/10\/img097-3--236x350.jpg 236w, https:\/\/ecole-saint-aubin.fr\/wp-content\/uploads\/2017\/10\/img097-3--101x150.jpg 101w\" sizes=\"(max-width: 691px) 100vw, 691px\" \/><\/a><\/p>\n","protected":false},"excerpt":{"rendered":"<p>Vendredi 6 octobre, Marie-Am\u00e9lie Le Fur est venue r\u00e9pondre aux questions des \u00e9l\u00e8ves de l&rsquo;\u00e9cole Saint-Aubin. Cette rencontre\u00a0concluait\u00a0 notre projet d&rsquo;\u00e9cole 2016-2017 dont le th\u00e8me \u00e9tait l&rsquo;ouverture aux autres, \u00e0 la diff\u00e9rence. Athl\u00e8te handisport de tr\u00e8s haut niveau, Marie-Am\u00e9lie\u00a0est d\u00e9tentrice de 8 m\u00e9dailles olympiques (jeux paralympiques de P\u00e9kin, Londres et Rio). \u00ab\u00a0Vous avez le droit<\/p>\n<p><a href=\"https:\/\/ecole-saint-aubin.fr\/index.php\/2017\/10\/18\/la-championne-paralympique-marie-amelie-le-fur-est-venue-a-la-rencontre-des-eleves-de-lecole\/\" class=\"more-link themebutton\">Lire la suite<\/a><\/p>\n","protected":false},"author":8,"featured_media":2925,"comment_status":"closed","ping_status":"closed","sticky":false,"template":"","format":"standard","meta":{"ngg_post_thumbnail":0,"footnotes":""},"categories":[7,34],"tags":[],"_links":{"self":[{"href":"https:\/\/ecole-saint-aubin.fr\/index.php\/wp-json\/wp\/v2\/posts\/2923"}],"collection":[{"href":"https:\/\/ecole-saint-aubin.fr\/index.php\/wp-json\/wp\/v2\/posts"}],"about":[{"href":"https:\/\/ecole-saint-aubin.fr\/index.php\/wp-json\/wp\/v2\/types\/post"}],"author":[{"embeddable":true,"href":"https:\/\/ecole-saint-aubin.fr\/index.php\/wp-json\/wp\/v2\/users\/8"}],"replies":[{"embeddable":true,"href":"https:\/\/ecole-saint-aubin.fr\/index.php\/wp-json\/wp\/v2\/comments?post=2923"}],"version-history":[{"count":5,"href":"https:\/\/ecole-saint-aubin.fr\/index.php\/wp-json\/wp\/v2\/posts\/2923\/revisions"}],"predecessor-version":[{"id":3131,"href":"https:\/\/ecole-saint-aubin.fr\/index.php\/wp-json\/wp\/v2\/posts\/2923\/revisions\/3131"}],"wp:featuredmedia":[{"embeddable":true,"href":"https:\/\/ecole-saint-aubin.fr\/index.php\/wp-json\/wp\/v2\/media\/2925"}],"wp:attachment":[{"href":"https:\/\/ecole-saint-aubin.fr\/index.php\/wp-json\/wp\/v2\/media?parent=2923"}],"wp:term":[{"taxonomy":"category","embeddable":true,"href":"https:\/\/ecole-saint-aubin.fr\/index.php\/wp-json\/wp\/v2\/categories?post=2923"},{"taxonomy":"post_tag","embeddable":true,"href":"https:\/\/ecole-saint-aubin.fr\/index.php\/wp-json\/wp\/v2\/tags?post=2923"}],"curies":[{"name":"wp","href":"https:\/\/api.w.org\/{rel}","templated":true}]}}