{"id":2905,"date":"2017-10-11T14:24:13","date_gmt":"2017-10-11T13:24:13","guid":{"rendered":"http:\/\/ecole-saint-aubin.fr\/?p=2905"},"modified":"2017-10-11T14:24:13","modified_gmt":"2017-10-11T13:24:13","slug":"que-font-les-eleves-de-maternelle-lors-de-la-pause-meridienne","status":"publish","type":"post","link":"https:\/\/ecole-saint-aubin.fr\/index.php\/2017\/10\/11\/que-font-les-eleves-de-maternelle-lors-de-la-pause-meridienne\/","title":{"rendered":"Que font les \u00e9l\u00e8ves de maternelle lors de la pause m\u00e9ridienne?"},"content":{"rendered":"<p>&nbsp;<\/p>\n<p>Les \u00e9l\u00e8ves de maternelle partent manger \u00e0 la cantine vers 12hOO.<\/p>\n<p>A leur retour, les \u00e9l\u00e8ves d&rsquo;\u00e9l\u00e9mentaire\u00a0sont partis\u00a0 se restaurer. Ils b\u00e9n\u00e9ficient donc de la totalit\u00e9 de la cour pour jouer.<\/p>\n<p>A l&rsquo;issue de ce temps de jeux libres et apr\u00e8s un passage aux toilettes, les \u00e9l\u00e8ves ont le plaisir de participer \u00e0 un \u00ab\u00a0atelier marionnettes\u00a0\u00bb. En effet, c&rsquo;est avec plaisir et sur sa proposition que Fran\u00e7oise s&rsquo;improvise chef marionnettiste.<\/p>\n<p>Les \u00e9l\u00e8ves se r\u00e9partissent avec bonheur entre artistes sur sc\u00e8ne et spectateurs actifs.<\/p>\n<p>Ci-dessous,quelques photos illustrant ce moment.<\/p>\n<p><a href=\"http:\/\/ecole-saint-aubin.fr\/wp-content\/uploads\/2017\/10\/IMG_29401.jpg\"><img loading=\"lazy\" decoding=\"async\" class=\"aligncenter size-medium wp-image-2893\" src=\"http:\/\/ecole-saint-aubin.fr\/wp-content\/uploads\/2017\/10\/IMG_29401-300x225.jpg\" alt=\"\" width=\"300\" height=\"225\" srcset=\"https:\/\/ecole-saint-aubin.fr\/wp-content\/uploads\/2017\/10\/IMG_29401-300x225.jpg 300w, https:\/\/ecole-saint-aubin.fr\/wp-content\/uploads\/2017\/10\/IMG_29401-768x576.jpg 768w, https:\/\/ecole-saint-aubin.fr\/wp-content\/uploads\/2017\/10\/IMG_29401-1024x768.jpg 1024w, https:\/\/ecole-saint-aubin.fr\/wp-content\/uploads\/2017\/10\/IMG_29401-467x350.jpg 467w, https:\/\/ecole-saint-aubin.fr\/wp-content\/uploads\/2017\/10\/IMG_29401-150x113.jpg 150w\" sizes=\"(max-width: 300px) 100vw, 300px\" \/><\/a><\/p>\n<p>&nbsp;<\/p>\n\n\t\t<style type=\"text\/css\">\n\t\t\t#gallery-1 {\n\t\t\t\tmargin: auto;\n\t\t\t}\n\t\t\t#gallery-1 .gallery-item {\n\t\t\t\tfloat: left;\n\t\t\t\tmargin-top: 10px;\n\t\t\t\ttext-align: center;\n\t\t\t\twidth: 50%;\n\t\t\t}\n\t\t\t#gallery-1 img {\n\t\t\t\tborder: 2px solid #cfcfcf;\n\t\t\t}\n\t\t\t#gallery-1 .gallery-caption {\n\t\t\t\tmargin-left: 0;\n\t\t\t}\n\t\t\t\/* see gallery_shortcode() in wp-includes\/media.php *\/\n\t\t<\/style>\n\t\t<div id='gallery-1' class='gallery galleryid-2905 gallery-columns-2 gallery-size-medium'><dl class='gallery-item'>\n\t\t\t<dt class='gallery-icon landscape'>\n\t\t\t\t<a href='https:\/\/ecole-saint-aubin.fr\/index.php\/2017\/10\/11\/nouvelles-de-la-semaine-anniversaire-louna-expression-artistique\/img_29471\/#main'><img loading=\"lazy\" decoding=\"async\" width=\"300\" height=\"225\" src=\"https:\/\/ecole-saint-aubin.fr\/wp-content\/uploads\/2017\/10\/IMG_29471-300x225.jpg\" class=\"attachment-medium size-medium\" alt=\"\" srcset=\"https:\/\/ecole-saint-aubin.fr\/wp-content\/uploads\/2017\/10\/IMG_29471-300x225.jpg 300w, https:\/\/ecole-saint-aubin.fr\/wp-content\/uploads\/2017\/10\/IMG_29471-768x576.jpg 768w, https:\/\/ecole-saint-aubin.fr\/wp-content\/uploads\/2017\/10\/IMG_29471-1024x768.jpg 1024w, https:\/\/ecole-saint-aubin.fr\/wp-content\/uploads\/2017\/10\/IMG_29471-467x350.jpg 467w, https:\/\/ecole-saint-aubin.fr\/wp-content\/uploads\/2017\/10\/IMG_29471-150x113.jpg 150w\" sizes=\"(max-width: 300px) 100vw, 300px\" \/><\/a>\n\t\t\t<\/dt><\/dl><dl class='gallery-item'>\n\t\t\t<dt class='gallery-icon landscape'>\n\t\t\t\t<a href='https:\/\/ecole-saint-aubin.fr\/index.php\/2017\/10\/11\/nouvelles-de-la-semaine-anniversaire-louna-expression-artistique\/img_29461\/#main'><img loading=\"lazy\" decoding=\"async\" width=\"300\" height=\"225\" src=\"https:\/\/ecole-saint-aubin.fr\/wp-content\/uploads\/2017\/10\/IMG_29461-300x225.jpg\" class=\"attachment-medium size-medium\" alt=\"\" srcset=\"https:\/\/ecole-saint-aubin.fr\/wp-content\/uploads\/2017\/10\/IMG_29461-300x225.jpg 300w, https:\/\/ecole-saint-aubin.fr\/wp-content\/uploads\/2017\/10\/IMG_29461-768x576.jpg 768w, https:\/\/ecole-saint-aubin.fr\/wp-content\/uploads\/2017\/10\/IMG_29461-1024x768.jpg 1024w, https:\/\/ecole-saint-aubin.fr\/wp-content\/uploads\/2017\/10\/IMG_29461-467x350.jpg 467w, https:\/\/ecole-saint-aubin.fr\/wp-content\/uploads\/2017\/10\/IMG_29461-150x113.jpg 150w\" sizes=\"(max-width: 300px) 100vw, 300px\" \/><\/a>\n\t\t\t<\/dt><\/dl><br style=\"clear: both\" \/><dl class='gallery-item'>\n\t\t\t<dt class='gallery-icon landscape'>\n\t\t\t\t<a href='https:\/\/ecole-saint-aubin.fr\/index.php\/2017\/10\/11\/nouvelles-de-la-semaine-anniversaire-louna-expression-artistique\/img_29451\/#main'><img loading=\"lazy\" decoding=\"async\" width=\"300\" height=\"225\" src=\"https:\/\/ecole-saint-aubin.fr\/wp-content\/uploads\/2017\/10\/IMG_29451-300x225.jpg\" class=\"attachment-medium size-medium\" alt=\"\" srcset=\"https:\/\/ecole-saint-aubin.fr\/wp-content\/uploads\/2017\/10\/IMG_29451-300x225.jpg 300w, https:\/\/ecole-saint-aubin.fr\/wp-content\/uploads\/2017\/10\/IMG_29451-768x576.jpg 768w, https:\/\/ecole-saint-aubin.fr\/wp-content\/uploads\/2017\/10\/IMG_29451-1024x768.jpg 1024w, https:\/\/ecole-saint-aubin.fr\/wp-content\/uploads\/2017\/10\/IMG_29451-467x350.jpg 467w, https:\/\/ecole-saint-aubin.fr\/wp-content\/uploads\/2017\/10\/IMG_29451-150x113.jpg 150w\" sizes=\"(max-width: 300px) 100vw, 300px\" \/><\/a>\n\t\t\t<\/dt><\/dl><dl class='gallery-item'>\n\t\t\t<dt class='gallery-icon landscape'>\n\t\t\t\t<a href='https:\/\/ecole-saint-aubin.fr\/index.php\/2017\/10\/11\/nouvelles-de-la-semaine-anniversaire-louna-expression-artistique\/img_29411\/#main'><img loading=\"lazy\" decoding=\"async\" width=\"300\" height=\"225\" src=\"https:\/\/ecole-saint-aubin.fr\/wp-content\/uploads\/2017\/10\/IMG_29411-300x225.jpg\" class=\"attachment-medium size-medium\" alt=\"\" srcset=\"https:\/\/ecole-saint-aubin.fr\/wp-content\/uploads\/2017\/10\/IMG_29411-300x225.jpg 300w, https:\/\/ecole-saint-aubin.fr\/wp-content\/uploads\/2017\/10\/IMG_29411-768x576.jpg 768w, https:\/\/ecole-saint-aubin.fr\/wp-content\/uploads\/2017\/10\/IMG_29411-1024x768.jpg 1024w, https:\/\/ecole-saint-aubin.fr\/wp-content\/uploads\/2017\/10\/IMG_29411-467x350.jpg 467w, https:\/\/ecole-saint-aubin.fr\/wp-content\/uploads\/2017\/10\/IMG_29411-150x113.jpg 150w\" sizes=\"(max-width: 300px) 100vw, 300px\" \/><\/a>\n\t\t\t<\/dt><\/dl><br style=\"clear: both\" \/><dl class='gallery-item'>\n\t\t\t<dt class='gallery-icon landscape'>\n\t\t\t\t<a href='https:\/\/ecole-saint-aubin.fr\/index.php\/2017\/10\/11\/nouvelles-de-la-semaine-anniversaire-louna-expression-artistique\/img_29431\/#main'><img loading=\"lazy\" decoding=\"async\" width=\"300\" height=\"225\" src=\"https:\/\/ecole-saint-aubin.fr\/wp-content\/uploads\/2017\/10\/IMG_29431-300x225.jpg\" class=\"attachment-medium size-medium\" alt=\"\" srcset=\"https:\/\/ecole-saint-aubin.fr\/wp-content\/uploads\/2017\/10\/IMG_29431-300x225.jpg 300w, https:\/\/ecole-saint-aubin.fr\/wp-content\/uploads\/2017\/10\/IMG_29431-768x576.jpg 768w, https:\/\/ecole-saint-aubin.fr\/wp-content\/uploads\/2017\/10\/IMG_29431-1024x768.jpg 1024w, https:\/\/ecole-saint-aubin.fr\/wp-content\/uploads\/2017\/10\/IMG_29431-467x350.jpg 467w, https:\/\/ecole-saint-aubin.fr\/wp-content\/uploads\/2017\/10\/IMG_29431-150x113.jpg 150w\" sizes=\"(max-width: 300px) 100vw, 300px\" \/><\/a>\n\t\t\t<\/dt><\/dl>\n\t\t\t<br style='clear: both' \/>\n\t\t<\/div>\n\n","protected":false},"excerpt":{"rendered":"<p>&nbsp; Les \u00e9l\u00e8ves de maternelle partent manger \u00e0 la cantine vers 12hOO. A leur retour, les \u00e9l\u00e8ves d&rsquo;\u00e9l\u00e9mentaire\u00a0sont partis\u00a0 se restaurer. Ils b\u00e9n\u00e9ficient donc de la totalit\u00e9 de la cour pour jouer. A l&rsquo;issue de ce temps de jeux libres et apr\u00e8s un passage aux toilettes, les \u00e9l\u00e8ves ont le plaisir de participer \u00e0 un<\/p>\n<p><a href=\"https:\/\/ecole-saint-aubin.fr\/index.php\/2017\/10\/11\/que-font-les-eleves-de-maternelle-lors-de-la-pause-meridienne\/\" class=\"more-link themebutton\">Lire la suite<\/a><\/p>\n","protected":false},"author":8,"featured_media":2893,"comment_status":"open","ping_status":"open","sticky":false,"template":"","format":"standard","meta":{"ngg_post_thumbnail":0,"footnotes":""},"categories":[28,29],"tags":[],"_links":{"self":[{"href":"https:\/\/ecole-saint-aubin.fr\/index.php\/wp-json\/wp\/v2\/posts\/2905"}],"collection":[{"href":"https:\/\/ecole-saint-aubin.fr\/index.php\/wp-json\/wp\/v2\/posts"}],"about":[{"href":"https:\/\/ecole-saint-aubin.fr\/index.php\/wp-json\/wp\/v2\/types\/post"}],"author":[{"embeddable":true,"href":"https:\/\/ecole-saint-aubin.fr\/index.php\/wp-json\/wp\/v2\/users\/8"}],"replies":[{"embeddable":true,"href":"https:\/\/ecole-saint-aubin.fr\/index.php\/wp-json\/wp\/v2\/comments?post=2905"}],"version-history":[{"count":1,"href":"https:\/\/ecole-saint-aubin.fr\/index.php\/wp-json\/wp\/v2\/posts\/2905\/revisions"}],"predecessor-version":[{"id":2906,"href":"https:\/\/ecole-saint-aubin.fr\/index.php\/wp-json\/wp\/v2\/posts\/2905\/revisions\/2906"}],"wp:featuredmedia":[{"embeddable":true,"href":"https:\/\/ecole-saint-aubin.fr\/index.php\/wp-json\/wp\/v2\/media\/2893"}],"wp:attachment":[{"href":"https:\/\/ecole-saint-aubin.fr\/index.php\/wp-json\/wp\/v2\/media?parent=2905"}],"wp:term":[{"taxonomy":"category","embeddable":true,"href":"https:\/\/ecole-saint-aubin.fr\/index.php\/wp-json\/wp\/v2\/categories?post=2905"},{"taxonomy":"post_tag","embeddable":true,"href":"https:\/\/ecole-saint-aubin.fr\/index.php\/wp-json\/wp\/v2\/tags?post=2905"}],"curies":[{"name":"wp","href":"https:\/\/api.w.org\/{rel}","templated":true}]}}