{"id":2891,"date":"2017-10-11T09:29:37","date_gmt":"2017-10-11T08:29:37","guid":{"rendered":"http:\/\/ecole-saint-aubin.fr\/?p=2891"},"modified":"2017-10-11T09:32:38","modified_gmt":"2017-10-11T08:32:38","slug":"nouvelles-de-la-semaine-anniversaire-louna-expression-artistique","status":"publish","type":"post","link":"https:\/\/ecole-saint-aubin.fr\/index.php\/2017\/10\/11\/nouvelles-de-la-semaine-anniversaire-louna-expression-artistique\/","title":{"rendered":"Nouvelles de la semaine: anniversaire Louna; expression artistique"},"content":{"rendered":"<p style=\"text-align: left\">Lundi\u00a0 9 octobre, nous avons f\u00eat\u00e9 en classe l&rsquo;anniversaire de Louna.<\/p>\n<p style=\"text-align: left\"><a href=\"http:\/\/ecole-saint-aubin.fr\/wp-content\/uploads\/2017\/10\/IMG_29371-e1507709461819.jpg\"><img loading=\"lazy\" decoding=\"async\" class=\"aligncenter size-medium wp-image-2892\" src=\"http:\/\/ecole-saint-aubin.fr\/wp-content\/uploads\/2017\/10\/IMG_29371-e1507709461819-225x300.jpg\" alt=\"\" width=\"225\" height=\"300\" srcset=\"https:\/\/ecole-saint-aubin.fr\/wp-content\/uploads\/2017\/10\/IMG_29371-e1507709461819-225x300.jpg 225w, https:\/\/ecole-saint-aubin.fr\/wp-content\/uploads\/2017\/10\/IMG_29371-e1507709461819-768x1024.jpg 768w, https:\/\/ecole-saint-aubin.fr\/wp-content\/uploads\/2017\/10\/IMG_29371-e1507709461819-263x350.jpg 263w, https:\/\/ecole-saint-aubin.fr\/wp-content\/uploads\/2017\/10\/IMG_29371-e1507709461819-113x150.jpg 113w\" sizes=\"(max-width: 225px) 100vw, 225px\" \/><\/a><\/p>\n<p style=\"text-align: left\">Lundi\u00a0 encore, les \u00e9l\u00e8ves ont eu une s\u00e9ance d&rsquo;expression artistique. Sur des musiques pr\u00e9alablement \u00e9cout\u00e9es et analys\u00e9es en classe, ils devaient donner libre cours \u00e0 leur imagination.<\/p>\n<p style=\"text-align: left\">\n<div id=\"attachment_2900\" style=\"width: 310px\" class=\"wp-caption aligncenter\"><a href=\"http:\/\/ecole-saint-aubin.fr\/wp-content\/uploads\/2017\/10\/IMG_29341.jpg\"><img loading=\"lazy\" decoding=\"async\" aria-describedby=\"caption-attachment-2900\" class=\"size-medium wp-image-2900\" src=\"http:\/\/ecole-saint-aubin.fr\/wp-content\/uploads\/2017\/10\/IMG_29341-300x225.jpg\" alt=\"\" width=\"300\" height=\"225\" srcset=\"https:\/\/ecole-saint-aubin.fr\/wp-content\/uploads\/2017\/10\/IMG_29341-300x225.jpg 300w, https:\/\/ecole-saint-aubin.fr\/wp-content\/uploads\/2017\/10\/IMG_29341-768x576.jpg 768w, https:\/\/ecole-saint-aubin.fr\/wp-content\/uploads\/2017\/10\/IMG_29341-1024x768.jpg 1024w, https:\/\/ecole-saint-aubin.fr\/wp-content\/uploads\/2017\/10\/IMG_29341-467x350.jpg 467w, https:\/\/ecole-saint-aubin.fr\/wp-content\/uploads\/2017\/10\/IMG_29341-150x113.jpg 150w\" sizes=\"(max-width: 300px) 100vw, 300px\" \/><\/a><p id=\"caption-attachment-2900\" class=\"wp-caption-text\">Deux papillons en phase de d\u00e9collage.<\/p><\/div>\n<p>&nbsp;<\/p>\n<div id=\"attachment_2899\" style=\"width: 310px\" class=\"wp-caption aligncenter\"><a href=\"http:\/\/ecole-saint-aubin.fr\/wp-content\/uploads\/2017\/10\/IMG_29361.jpg\"><img loading=\"lazy\" decoding=\"async\" aria-describedby=\"caption-attachment-2899\" class=\"size-medium wp-image-2899\" src=\"http:\/\/ecole-saint-aubin.fr\/wp-content\/uploads\/2017\/10\/IMG_29361-300x225.jpg\" alt=\"\" width=\"300\" height=\"225\" srcset=\"https:\/\/ecole-saint-aubin.fr\/wp-content\/uploads\/2017\/10\/IMG_29361-300x225.jpg 300w, https:\/\/ecole-saint-aubin.fr\/wp-content\/uploads\/2017\/10\/IMG_29361-768x576.jpg 768w, https:\/\/ecole-saint-aubin.fr\/wp-content\/uploads\/2017\/10\/IMG_29361-1024x768.jpg 1024w, https:\/\/ecole-saint-aubin.fr\/wp-content\/uploads\/2017\/10\/IMG_29361-467x350.jpg 467w, https:\/\/ecole-saint-aubin.fr\/wp-content\/uploads\/2017\/10\/IMG_29361-150x113.jpg 150w\" sizes=\"(max-width: 300px) 100vw, 300px\" \/><\/a><p id=\"caption-attachment-2899\" class=\"wp-caption-text\">Trois lapines guettant l&rsquo;arriv\u00e9e d&rsquo;un renard.<\/p><\/div>\n","protected":false},"excerpt":{"rendered":"<p>Lundi\u00a0 9 octobre, nous avons f\u00eat\u00e9 en classe l&rsquo;anniversaire de Louna. Lundi\u00a0 encore, les \u00e9l\u00e8ves ont eu une s\u00e9ance d&rsquo;expression artistique. Sur des musiques pr\u00e9alablement \u00e9cout\u00e9es et analys\u00e9es en classe, ils devaient donner libre cours \u00e0 leur imagination. &nbsp;<\/p>\n","protected":false},"author":8,"featured_media":0,"comment_status":"open","ping_status":"open","sticky":false,"template":"","format":"standard","meta":{"ngg_post_thumbnail":0,"footnotes":""},"categories":[28],"tags":[],"_links":{"self":[{"href":"https:\/\/ecole-saint-aubin.fr\/index.php\/wp-json\/wp\/v2\/posts\/2891"}],"collection":[{"href":"https:\/\/ecole-saint-aubin.fr\/index.php\/wp-json\/wp\/v2\/posts"}],"about":[{"href":"https:\/\/ecole-saint-aubin.fr\/index.php\/wp-json\/wp\/v2\/types\/post"}],"author":[{"embeddable":true,"href":"https:\/\/ecole-saint-aubin.fr\/index.php\/wp-json\/wp\/v2\/users\/8"}],"replies":[{"embeddable":true,"href":"https:\/\/ecole-saint-aubin.fr\/index.php\/wp-json\/wp\/v2\/comments?post=2891"}],"version-history":[{"count":3,"href":"https:\/\/ecole-saint-aubin.fr\/index.php\/wp-json\/wp\/v2\/posts\/2891\/revisions"}],"predecessor-version":[{"id":2904,"href":"https:\/\/ecole-saint-aubin.fr\/index.php\/wp-json\/wp\/v2\/posts\/2891\/revisions\/2904"}],"wp:attachment":[{"href":"https:\/\/ecole-saint-aubin.fr\/index.php\/wp-json\/wp\/v2\/media?parent=2891"}],"wp:term":[{"taxonomy":"category","embeddable":true,"href":"https:\/\/ecole-saint-aubin.fr\/index.php\/wp-json\/wp\/v2\/categories?post=2891"},{"taxonomy":"post_tag","embeddable":true,"href":"https:\/\/ecole-saint-aubin.fr\/index.php\/wp-json\/wp\/v2\/tags?post=2891"}],"curies":[{"name":"wp","href":"https:\/\/api.w.org\/{rel}","templated":true}]}}