{"id":2869,"date":"2017-10-03T07:19:53","date_gmt":"2017-10-03T06:19:53","guid":{"rendered":"http:\/\/ecole-saint-aubin.fr\/?p=2869"},"modified":"2017-10-03T07:19:53","modified_gmt":"2017-10-03T06:19:53","slug":"martin-et-les-caries","status":"publish","type":"post","link":"https:\/\/ecole-saint-aubin.fr\/index.php\/2017\/10\/03\/martin-et-les-caries\/","title":{"rendered":"Martin et les caries."},"content":{"rendered":"<p>Ce\u00a0 matin l\u00e0, Martin est arriv\u00e9 avec un petit ouvrage sur les caries.\u00a0Avant la lecture, chacun(e) a pu dire ce qu&rsquo;il savait sur ce vaste sujet.<\/p>\n<p>Apr\u00e8s la lecture, les \u00e9l\u00e8ves ont dict\u00e9 un petit texte r\u00e9sumant ce que l&rsquo;on avait retenu:<\/p>\n<p>\u00a0\u00bb Une carie, c&rsquo;est un petit point noir ou marron sur la dent. On a une carie quand on ne se brosse pas toujours les dents et qu&rsquo;on mange des bonbons. Si on ne la soigne pas rapidement, elle peut faire mal.\u00a0\u00bb<\/p>\n\n\t\t<style type=\"text\/css\">\n\t\t\t#gallery-1 {\n\t\t\t\tmargin: auto;\n\t\t\t}\n\t\t\t#gallery-1 .gallery-item {\n\t\t\t\tfloat: left;\n\t\t\t\tmargin-top: 10px;\n\t\t\t\ttext-align: center;\n\t\t\t\twidth: 50%;\n\t\t\t}\n\t\t\t#gallery-1 img {\n\t\t\t\tborder: 2px solid #cfcfcf;\n\t\t\t}\n\t\t\t#gallery-1 .gallery-caption {\n\t\t\t\tmargin-left: 0;\n\t\t\t}\n\t\t\t\/* see gallery_shortcode() in wp-includes\/media.php *\/\n\t\t<\/style>\n\t\t<div id='gallery-1' class='gallery galleryid-2869 gallery-columns-2 gallery-size-large'><dl class='gallery-item'>\n\t\t\t<dt class='gallery-icon portrait'>\n\t\t\t\t<a href='https:\/\/ecole-saint-aubin.fr\/index.php\/2017\/10\/03\/martin-et-les-caries\/img_28981\/#main'><img loading=\"lazy\" decoding=\"async\" width=\"768\" height=\"1024\" src=\"https:\/\/ecole-saint-aubin.fr\/wp-content\/uploads\/2017\/10\/IMG_28981-e1507010891183-768x1024.jpg\" class=\"attachment-large size-large\" alt=\"\" srcset=\"https:\/\/ecole-saint-aubin.fr\/wp-content\/uploads\/2017\/10\/IMG_28981-e1507010891183-768x1024.jpg 768w, https:\/\/ecole-saint-aubin.fr\/wp-content\/uploads\/2017\/10\/IMG_28981-e1507010891183-225x300.jpg 225w, https:\/\/ecole-saint-aubin.fr\/wp-content\/uploads\/2017\/10\/IMG_28981-e1507010891183-263x350.jpg 263w, https:\/\/ecole-saint-aubin.fr\/wp-content\/uploads\/2017\/10\/IMG_28981-e1507010891183-113x150.jpg 113w\" sizes=\"(max-width: 768px) 100vw, 768px\" \/><\/a>\n\t\t\t<\/dt><\/dl><dl class='gallery-item'>\n\t\t\t<dt class='gallery-icon portrait'>\n\t\t\t\t<a href='https:\/\/ecole-saint-aubin.fr\/index.php\/2017\/10\/03\/martin-et-les-caries\/img_28971\/#main'><img loading=\"lazy\" decoding=\"async\" width=\"768\" height=\"1024\" src=\"https:\/\/ecole-saint-aubin.fr\/wp-content\/uploads\/2017\/10\/IMG_28971-e1507010862837-768x1024.jpg\" class=\"attachment-large size-large\" alt=\"\" srcset=\"https:\/\/ecole-saint-aubin.fr\/wp-content\/uploads\/2017\/10\/IMG_28971-e1507010862837-768x1024.jpg 768w, https:\/\/ecole-saint-aubin.fr\/wp-content\/uploads\/2017\/10\/IMG_28971-e1507010862837-225x300.jpg 225w, https:\/\/ecole-saint-aubin.fr\/wp-content\/uploads\/2017\/10\/IMG_28971-e1507010862837-263x350.jpg 263w, https:\/\/ecole-saint-aubin.fr\/wp-content\/uploads\/2017\/10\/IMG_28971-e1507010862837-113x150.jpg 113w\" sizes=\"(max-width: 768px) 100vw, 768px\" \/><\/a>\n\t\t\t<\/dt><\/dl><br style=\"clear: both\" \/>\n\t\t<\/div>\n\n","protected":false},"excerpt":{"rendered":"<p>Ce\u00a0 matin l\u00e0, Martin est arriv\u00e9 avec un petit ouvrage sur les caries.\u00a0Avant la lecture, chacun(e) a pu dire ce qu&rsquo;il savait sur ce vaste sujet. Apr\u00e8s la lecture, les \u00e9l\u00e8ves ont dict\u00e9 un petit texte r\u00e9sumant ce que l&rsquo;on avait retenu: \u00a0\u00bb Une carie, c&rsquo;est un petit point noir ou marron sur la dent.<\/p>\n<p><a href=\"https:\/\/ecole-saint-aubin.fr\/index.php\/2017\/10\/03\/martin-et-les-caries\/\" class=\"more-link themebutton\">Lire la suite<\/a><\/p>\n","protected":false},"author":8,"featured_media":0,"comment_status":"open","ping_status":"open","sticky":false,"template":"","format":"standard","meta":{"ngg_post_thumbnail":0,"footnotes":""},"categories":[28],"tags":[],"_links":{"self":[{"href":"https:\/\/ecole-saint-aubin.fr\/index.php\/wp-json\/wp\/v2\/posts\/2869"}],"collection":[{"href":"https:\/\/ecole-saint-aubin.fr\/index.php\/wp-json\/wp\/v2\/posts"}],"about":[{"href":"https:\/\/ecole-saint-aubin.fr\/index.php\/wp-json\/wp\/v2\/types\/post"}],"author":[{"embeddable":true,"href":"https:\/\/ecole-saint-aubin.fr\/index.php\/wp-json\/wp\/v2\/users\/8"}],"replies":[{"embeddable":true,"href":"https:\/\/ecole-saint-aubin.fr\/index.php\/wp-json\/wp\/v2\/comments?post=2869"}],"version-history":[{"count":1,"href":"https:\/\/ecole-saint-aubin.fr\/index.php\/wp-json\/wp\/v2\/posts\/2869\/revisions"}],"predecessor-version":[{"id":2872,"href":"https:\/\/ecole-saint-aubin.fr\/index.php\/wp-json\/wp\/v2\/posts\/2869\/revisions\/2872"}],"wp:attachment":[{"href":"https:\/\/ecole-saint-aubin.fr\/index.php\/wp-json\/wp\/v2\/media?parent=2869"}],"wp:term":[{"taxonomy":"category","embeddable":true,"href":"https:\/\/ecole-saint-aubin.fr\/index.php\/wp-json\/wp\/v2\/categories?post=2869"},{"taxonomy":"post_tag","embeddable":true,"href":"https:\/\/ecole-saint-aubin.fr\/index.php\/wp-json\/wp\/v2\/tags?post=2869"}],"curies":[{"name":"wp","href":"https:\/\/api.w.org\/{rel}","templated":true}]}}