{"id":2831,"date":"2017-09-13T08:52:20","date_gmt":"2017-09-13T07:52:20","guid":{"rendered":"http:\/\/ecole-saint-aubin.fr\/?p=2831"},"modified":"2017-09-13T08:52:20","modified_gmt":"2017-09-13T07:52:20","slug":"cest-la-rentree-2","status":"publish","type":"post","link":"https:\/\/ecole-saint-aubin.fr\/index.php\/2017\/09\/13\/cest-la-rentree-2\/","title":{"rendered":"C&rsquo;est la rentr\u00e9e !"},"content":{"rendered":"<p>&nbsp;<\/p>\n<p>Le 4 septembre 2017, les \u00e9l\u00e8ves de MS ont d\u00e9couvert leur classe et leurs camarades de GS.<\/p>\n<p><a href=\"http:\/\/ecole-saint-aubin.fr\/wp-content\/uploads\/2017\/09\/IMG_2831.jpg\"><img loading=\"lazy\" decoding=\"async\" class=\"aligncenter size-large wp-image-2832\" src=\"http:\/\/ecole-saint-aubin.fr\/wp-content\/uploads\/2017\/09\/IMG_2831-1024x768.jpg\" alt=\"\" width=\"920\" height=\"690\" srcset=\"https:\/\/ecole-saint-aubin.fr\/wp-content\/uploads\/2017\/09\/IMG_2831-1024x768.jpg 1024w, https:\/\/ecole-saint-aubin.fr\/wp-content\/uploads\/2017\/09\/IMG_2831-300x225.jpg 300w, https:\/\/ecole-saint-aubin.fr\/wp-content\/uploads\/2017\/09\/IMG_2831-768x576.jpg 768w, https:\/\/ecole-saint-aubin.fr\/wp-content\/uploads\/2017\/09\/IMG_2831-467x350.jpg 467w, https:\/\/ecole-saint-aubin.fr\/wp-content\/uploads\/2017\/09\/IMG_2831-150x113.jpg 150w\" sizes=\"(max-width: 920px) 100vw, 920px\" \/><\/a><\/p>\n<p>&nbsp;<\/p>\n<p>Les \u00e9l\u00e8ves de GS ont, quant \u00e0 eux, repris leurs habitudes. Nous avons eu le plaisir d&rsquo;accueillir un nouvel \u00e9l\u00e8ve: Keliann.<\/p>\n<p><a href=\"http:\/\/ecole-saint-aubin.fr\/wp-content\/uploads\/2017\/09\/IMG_2833.jpg\"><img loading=\"lazy\" decoding=\"async\" class=\"aligncenter size-large wp-image-2833\" src=\"http:\/\/ecole-saint-aubin.fr\/wp-content\/uploads\/2017\/09\/IMG_2833-1024x768.jpg\" alt=\"\" width=\"920\" height=\"690\" srcset=\"https:\/\/ecole-saint-aubin.fr\/wp-content\/uploads\/2017\/09\/IMG_2833-1024x768.jpg 1024w, https:\/\/ecole-saint-aubin.fr\/wp-content\/uploads\/2017\/09\/IMG_2833-300x225.jpg 300w, https:\/\/ecole-saint-aubin.fr\/wp-content\/uploads\/2017\/09\/IMG_2833-768x576.jpg 768w, https:\/\/ecole-saint-aubin.fr\/wp-content\/uploads\/2017\/09\/IMG_2833-467x350.jpg 467w, https:\/\/ecole-saint-aubin.fr\/wp-content\/uploads\/2017\/09\/IMG_2833-150x113.jpg 150w\" sizes=\"(max-width: 920px) 100vw, 920px\" \/><\/a><\/p>\n<p>&nbsp;<\/p>\n<p>Cette premi\u00e8re journ\u00e9e s&rsquo;est termin\u00e9e sur\u00a0une distribution de bonbons par Zo\u00e9 qui f\u00eatait ses 5 ans.<\/p>\n<p><a href=\"http:\/\/ecole-saint-aubin.fr\/wp-content\/uploads\/2017\/09\/IMG_2835-e1505288684240.jpg\"><img loading=\"lazy\" decoding=\"async\" class=\"aligncenter size-large wp-image-2834\" src=\"http:\/\/ecole-saint-aubin.fr\/wp-content\/uploads\/2017\/09\/IMG_2835-e1505288684240-768x1024.jpg\" alt=\"\" width=\"768\" height=\"1024\" srcset=\"https:\/\/ecole-saint-aubin.fr\/wp-content\/uploads\/2017\/09\/IMG_2835-e1505288684240-768x1024.jpg 768w, https:\/\/ecole-saint-aubin.fr\/wp-content\/uploads\/2017\/09\/IMG_2835-e1505288684240-225x300.jpg 225w, https:\/\/ecole-saint-aubin.fr\/wp-content\/uploads\/2017\/09\/IMG_2835-e1505288684240-263x350.jpg 263w, https:\/\/ecole-saint-aubin.fr\/wp-content\/uploads\/2017\/09\/IMG_2835-e1505288684240-113x150.jpg 113w\" sizes=\"(max-width: 768px) 100vw, 768px\" \/><\/a><\/p>\n<p>&nbsp;<\/p>\n","protected":false},"excerpt":{"rendered":"<p>&nbsp; Le 4 septembre 2017, les \u00e9l\u00e8ves de MS ont d\u00e9couvert leur classe et leurs camarades de GS. &nbsp; Les \u00e9l\u00e8ves de GS ont, quant \u00e0 eux, repris leurs habitudes. Nous avons eu le plaisir d&rsquo;accueillir un nouvel \u00e9l\u00e8ve: Keliann. &nbsp; Cette premi\u00e8re journ\u00e9e s&rsquo;est termin\u00e9e sur\u00a0une distribution de bonbons par Zo\u00e9 qui f\u00eatait ses<\/p>\n<p><a href=\"https:\/\/ecole-saint-aubin.fr\/index.php\/2017\/09\/13\/cest-la-rentree-2\/\" class=\"more-link themebutton\">Lire la suite<\/a><\/p>\n","protected":false},"author":8,"featured_media":0,"comment_status":"open","ping_status":"open","sticky":false,"template":"","format":"standard","meta":{"ngg_post_thumbnail":0,"footnotes":""},"categories":[28],"tags":[],"_links":{"self":[{"href":"https:\/\/ecole-saint-aubin.fr\/index.php\/wp-json\/wp\/v2\/posts\/2831"}],"collection":[{"href":"https:\/\/ecole-saint-aubin.fr\/index.php\/wp-json\/wp\/v2\/posts"}],"about":[{"href":"https:\/\/ecole-saint-aubin.fr\/index.php\/wp-json\/wp\/v2\/types\/post"}],"author":[{"embeddable":true,"href":"https:\/\/ecole-saint-aubin.fr\/index.php\/wp-json\/wp\/v2\/users\/8"}],"replies":[{"embeddable":true,"href":"https:\/\/ecole-saint-aubin.fr\/index.php\/wp-json\/wp\/v2\/comments?post=2831"}],"version-history":[{"count":1,"href":"https:\/\/ecole-saint-aubin.fr\/index.php\/wp-json\/wp\/v2\/posts\/2831\/revisions"}],"predecessor-version":[{"id":2835,"href":"https:\/\/ecole-saint-aubin.fr\/index.php\/wp-json\/wp\/v2\/posts\/2831\/revisions\/2835"}],"wp:attachment":[{"href":"https:\/\/ecole-saint-aubin.fr\/index.php\/wp-json\/wp\/v2\/media?parent=2831"}],"wp:term":[{"taxonomy":"category","embeddable":true,"href":"https:\/\/ecole-saint-aubin.fr\/index.php\/wp-json\/wp\/v2\/categories?post=2831"},{"taxonomy":"post_tag","embeddable":true,"href":"https:\/\/ecole-saint-aubin.fr\/index.php\/wp-json\/wp\/v2\/tags?post=2831"}],"curies":[{"name":"wp","href":"https:\/\/api.w.org\/{rel}","templated":true}]}}