{"id":2823,"date":"2017-08-09T09:28:08","date_gmt":"2017-08-09T08:28:08","guid":{"rendered":"http:\/\/ecole-saint-aubin.fr\/?p=2823"},"modified":"2018-02-21T09:31:13","modified_gmt":"2018-02-21T08:31:13","slug":"journee-dinitiation-a-la-lsf","status":"publish","type":"post","link":"https:\/\/ecole-saint-aubin.fr\/index.php\/2017\/08\/09\/journee-dinitiation-a-la-lsf\/","title":{"rendered":"Journ\u00e9e d&rsquo;initiation \u00e0 la LSF"},"content":{"rendered":"<p>Le 8 juin dernier, C\u00e9line Barrat est venue \u00e0 la rencontre\u00a0des \u00e9l\u00e8ves de l&rsquo;\u00e9cole. L&rsquo;objectif \u00e9tait faire d\u00e9couvrir la Langue des Signes Fran\u00e7aise (LSF).<\/p>\n<p>Cette intervention\u00a0s&rsquo;inscrivait dans le cadre du projet d&rsquo;\u00e9cole: \u00ab\u00a0s&rsquo;ouvrir au monde, s&rsquo;ouvrir aux autres\u00a0\u00bb et compl\u00e9tait celle de Pierre Sablon (sensibilisation \u00e0 la non-voyance).<\/p>\n<p>Lors de cette journ\u00e9e, C\u00e9line a pr\u00e9sent\u00e9 la LSF, a appris quelques mots et expressions aux \u00e9l\u00e8ves et a enfin r\u00e9pondu aux questions.<\/p>\n<p>Pour conclure cette rencontre, C\u00e9line a appris \u00e0 tous les enfants un chant commun qui a ensuite \u00e9t\u00e9 pr\u00e9sent\u00e9 lors de la kermesse.<\/p>\n<p>&nbsp;<\/p>\n<p><a href=\"http:\/\/ecole-saint-aubin.fr\/wp-content\/uploads\/2017\/08\/IMG_2395.jpg\"><img loading=\"lazy\" decoding=\"async\" class=\"aligncenter size-large wp-image-2824\" src=\"http:\/\/ecole-saint-aubin.fr\/wp-content\/uploads\/2017\/08\/IMG_2395-1024x768.jpg\" alt=\"\" width=\"920\" height=\"690\" srcset=\"https:\/\/ecole-saint-aubin.fr\/wp-content\/uploads\/2017\/08\/IMG_2395-1024x768.jpg 1024w, https:\/\/ecole-saint-aubin.fr\/wp-content\/uploads\/2017\/08\/IMG_2395-300x225.jpg 300w, https:\/\/ecole-saint-aubin.fr\/wp-content\/uploads\/2017\/08\/IMG_2395-768x576.jpg 768w, https:\/\/ecole-saint-aubin.fr\/wp-content\/uploads\/2017\/08\/IMG_2395-467x350.jpg 467w, https:\/\/ecole-saint-aubin.fr\/wp-content\/uploads\/2017\/08\/IMG_2395-150x113.jpg 150w\" sizes=\"(max-width: 920px) 100vw, 920px\" \/><\/a><a href=\"http:\/\/ecole-saint-aubin.fr\/wp-content\/uploads\/2017\/08\/IMG_2396.jpg\"><img loading=\"lazy\" decoding=\"async\" class=\"aligncenter size-large wp-image-2825\" src=\"http:\/\/ecole-saint-aubin.fr\/wp-content\/uploads\/2017\/08\/IMG_2396-1024x768.jpg\" alt=\"\" width=\"920\" height=\"690\" srcset=\"https:\/\/ecole-saint-aubin.fr\/wp-content\/uploads\/2017\/08\/IMG_2396-1024x768.jpg 1024w, https:\/\/ecole-saint-aubin.fr\/wp-content\/uploads\/2017\/08\/IMG_2396-300x225.jpg 300w, https:\/\/ecole-saint-aubin.fr\/wp-content\/uploads\/2017\/08\/IMG_2396-768x576.jpg 768w, https:\/\/ecole-saint-aubin.fr\/wp-content\/uploads\/2017\/08\/IMG_2396-467x350.jpg 467w, https:\/\/ecole-saint-aubin.fr\/wp-content\/uploads\/2017\/08\/IMG_2396-150x113.jpg 150w\" sizes=\"(max-width: 920px) 100vw, 920px\" \/><\/a><\/p>\n","protected":false},"excerpt":{"rendered":"<p>Le 8 juin dernier, C\u00e9line Barrat est venue \u00e0 la rencontre\u00a0des \u00e9l\u00e8ves de l&rsquo;\u00e9cole. L&rsquo;objectif \u00e9tait faire d\u00e9couvrir la Langue des Signes Fran\u00e7aise (LSF). Cette intervention\u00a0s&rsquo;inscrivait dans le cadre du projet d&rsquo;\u00e9cole: \u00ab\u00a0s&rsquo;ouvrir au monde, s&rsquo;ouvrir aux autres\u00a0\u00bb et compl\u00e9tait celle de Pierre Sablon (sensibilisation \u00e0 la non-voyance). Lors de cette journ\u00e9e, C\u00e9line a pr\u00e9sent\u00e9<\/p>\n<p><a href=\"https:\/\/ecole-saint-aubin.fr\/index.php\/2017\/08\/09\/journee-dinitiation-a-la-lsf\/\" class=\"more-link themebutton\">Lire la suite<\/a><\/p>\n","protected":false},"author":8,"featured_media":2825,"comment_status":"open","ping_status":"open","sticky":false,"template":"","format":"standard","meta":{"ngg_post_thumbnail":0,"footnotes":""},"categories":[7,34],"tags":[],"_links":{"self":[{"href":"https:\/\/ecole-saint-aubin.fr\/index.php\/wp-json\/wp\/v2\/posts\/2823"}],"collection":[{"href":"https:\/\/ecole-saint-aubin.fr\/index.php\/wp-json\/wp\/v2\/posts"}],"about":[{"href":"https:\/\/ecole-saint-aubin.fr\/index.php\/wp-json\/wp\/v2\/types\/post"}],"author":[{"embeddable":true,"href":"https:\/\/ecole-saint-aubin.fr\/index.php\/wp-json\/wp\/v2\/users\/8"}],"replies":[{"embeddable":true,"href":"https:\/\/ecole-saint-aubin.fr\/index.php\/wp-json\/wp\/v2\/comments?post=2823"}],"version-history":[{"count":1,"href":"https:\/\/ecole-saint-aubin.fr\/index.php\/wp-json\/wp\/v2\/posts\/2823\/revisions"}],"predecessor-version":[{"id":2826,"href":"https:\/\/ecole-saint-aubin.fr\/index.php\/wp-json\/wp\/v2\/posts\/2823\/revisions\/2826"}],"wp:featuredmedia":[{"embeddable":true,"href":"https:\/\/ecole-saint-aubin.fr\/index.php\/wp-json\/wp\/v2\/media\/2825"}],"wp:attachment":[{"href":"https:\/\/ecole-saint-aubin.fr\/index.php\/wp-json\/wp\/v2\/media?parent=2823"}],"wp:term":[{"taxonomy":"category","embeddable":true,"href":"https:\/\/ecole-saint-aubin.fr\/index.php\/wp-json\/wp\/v2\/categories?post=2823"},{"taxonomy":"post_tag","embeddable":true,"href":"https:\/\/ecole-saint-aubin.fr\/index.php\/wp-json\/wp\/v2\/tags?post=2823"}],"curies":[{"name":"wp","href":"https:\/\/api.w.org\/{rel}","templated":true}]}}