{"id":2814,"date":"2017-07-08T07:32:32","date_gmt":"2017-07-08T06:32:32","guid":{"rendered":"http:\/\/ecole-saint-aubin.fr\/?p=2814"},"modified":"2018-02-21T09:47:33","modified_gmt":"2018-02-21T08:47:33","slug":"gouter-apel","status":"publish","type":"post","link":"https:\/\/ecole-saint-aubin.fr\/index.php\/2017\/07\/08\/gouter-apel\/","title":{"rendered":"Go\u00fbter APEL"},"content":{"rendered":"<p>En ce dernier jour d&rsquo;\u00e9cole, un go\u00fbter offert par l&rsquo;APEL a\u00a0permis de regrouper tous les \u00e9l\u00e8ves de l&rsquo;\u00e9cole.<\/p>\n<p>Situ\u00e9 \u00e0 la fin de la r\u00e9cr\u00e9ation de l&rsquo;apr\u00e8s-midi, ce fut un moment tr\u00e8s agr\u00e9able et appr\u00e9ci\u00e9 des enfants.<\/p>\n<p>A cette occasion, nous avons pu remercier et dire au revoir \u00e0 Ana\u00e8lle, Delphine et Charl\u00e8ne.<\/p>\n<p><a href=\"http:\/\/ecole-saint-aubin.fr\/wp-content\/uploads\/2017\/07\/IMG_2421.jpg\"><img loading=\"lazy\" decoding=\"async\" class=\"aligncenter size-medium wp-image-2819\" src=\"http:\/\/ecole-saint-aubin.fr\/wp-content\/uploads\/2017\/07\/IMG_2421-300x225.jpg\" alt=\"\" width=\"300\" height=\"225\" srcset=\"https:\/\/ecole-saint-aubin.fr\/wp-content\/uploads\/2017\/07\/IMG_2421-300x225.jpg 300w, https:\/\/ecole-saint-aubin.fr\/wp-content\/uploads\/2017\/07\/IMG_2421-768x576.jpg 768w, https:\/\/ecole-saint-aubin.fr\/wp-content\/uploads\/2017\/07\/IMG_2421-1024x768.jpg 1024w, https:\/\/ecole-saint-aubin.fr\/wp-content\/uploads\/2017\/07\/IMG_2421-467x350.jpg 467w, https:\/\/ecole-saint-aubin.fr\/wp-content\/uploads\/2017\/07\/IMG_2421-150x113.jpg 150w\" sizes=\"(max-width: 300px) 100vw, 300px\" \/><\/a><\/p>\n<p><a href=\"http:\/\/ecole-saint-aubin.fr\/wp-content\/uploads\/2017\/07\/IMG_2422.jpg\"><img loading=\"lazy\" decoding=\"async\" class=\"aligncenter size-medium wp-image-2815\" src=\"http:\/\/ecole-saint-aubin.fr\/wp-content\/uploads\/2017\/07\/IMG_2422-300x225.jpg\" alt=\"\" width=\"300\" height=\"225\" srcset=\"https:\/\/ecole-saint-aubin.fr\/wp-content\/uploads\/2017\/07\/IMG_2422-300x225.jpg 300w, https:\/\/ecole-saint-aubin.fr\/wp-content\/uploads\/2017\/07\/IMG_2422-768x576.jpg 768w, https:\/\/ecole-saint-aubin.fr\/wp-content\/uploads\/2017\/07\/IMG_2422-1024x768.jpg 1024w, https:\/\/ecole-saint-aubin.fr\/wp-content\/uploads\/2017\/07\/IMG_2422-467x350.jpg 467w, https:\/\/ecole-saint-aubin.fr\/wp-content\/uploads\/2017\/07\/IMG_2422-150x113.jpg 150w\" sizes=\"(max-width: 300px) 100vw, 300px\" \/><\/a><\/p>\n<p>&nbsp;<\/p>\n<p>&nbsp;<\/p>\n<p>&nbsp;<\/p>\n<p>Nous avons \u00e9galement pu applaudir et souhaiter le meilleur aux \u00e9l\u00e8ves de CM2 qui partent vers de nouvelles aventures.<\/p>\n<p><a href=\"http:\/\/ecole-saint-aubin.fr\/wp-content\/uploads\/2017\/07\/IMG_2424.jpg\"><img loading=\"lazy\" decoding=\"async\" class=\"aligncenter size-medium wp-image-2817\" src=\"http:\/\/ecole-saint-aubin.fr\/wp-content\/uploads\/2017\/07\/IMG_2424-300x225.jpg\" alt=\"\" width=\"300\" height=\"225\" srcset=\"https:\/\/ecole-saint-aubin.fr\/wp-content\/uploads\/2017\/07\/IMG_2424-300x225.jpg 300w, https:\/\/ecole-saint-aubin.fr\/wp-content\/uploads\/2017\/07\/IMG_2424-768x576.jpg 768w, https:\/\/ecole-saint-aubin.fr\/wp-content\/uploads\/2017\/07\/IMG_2424-1024x768.jpg 1024w, https:\/\/ecole-saint-aubin.fr\/wp-content\/uploads\/2017\/07\/IMG_2424-467x350.jpg 467w, https:\/\/ecole-saint-aubin.fr\/wp-content\/uploads\/2017\/07\/IMG_2424-150x113.jpg 150w\" sizes=\"(max-width: 300px) 100vw, 300px\" \/><\/a><a href=\"http:\/\/ecole-saint-aubin.fr\/wp-content\/uploads\/2017\/07\/IMG_2423.jpg\"><img loading=\"lazy\" decoding=\"async\" class=\"aligncenter size-medium wp-image-2816\" src=\"http:\/\/ecole-saint-aubin.fr\/wp-content\/uploads\/2017\/07\/IMG_2423-300x225.jpg\" alt=\"\" width=\"300\" height=\"225\" srcset=\"https:\/\/ecole-saint-aubin.fr\/wp-content\/uploads\/2017\/07\/IMG_2423-300x225.jpg 300w, https:\/\/ecole-saint-aubin.fr\/wp-content\/uploads\/2017\/07\/IMG_2423-768x576.jpg 768w, https:\/\/ecole-saint-aubin.fr\/wp-content\/uploads\/2017\/07\/IMG_2423-1024x768.jpg 1024w, https:\/\/ecole-saint-aubin.fr\/wp-content\/uploads\/2017\/07\/IMG_2423-467x350.jpg 467w, https:\/\/ecole-saint-aubin.fr\/wp-content\/uploads\/2017\/07\/IMG_2423-150x113.jpg 150w\" sizes=\"(max-width: 300px) 100vw, 300px\" \/><\/a><\/p>\n<p><a href=\"http:\/\/ecole-saint-aubin.fr\/wp-content\/uploads\/2017\/07\/IMG_2425.jpg\"><img loading=\"lazy\" decoding=\"async\" class=\"aligncenter size-medium wp-image-2818\" src=\"http:\/\/ecole-saint-aubin.fr\/wp-content\/uploads\/2017\/07\/IMG_2425-300x225.jpg\" alt=\"\" width=\"300\" height=\"225\" srcset=\"https:\/\/ecole-saint-aubin.fr\/wp-content\/uploads\/2017\/07\/IMG_2425-300x225.jpg 300w, https:\/\/ecole-saint-aubin.fr\/wp-content\/uploads\/2017\/07\/IMG_2425-768x576.jpg 768w, https:\/\/ecole-saint-aubin.fr\/wp-content\/uploads\/2017\/07\/IMG_2425-1024x768.jpg 1024w, https:\/\/ecole-saint-aubin.fr\/wp-content\/uploads\/2017\/07\/IMG_2425-467x350.jpg 467w, https:\/\/ecole-saint-aubin.fr\/wp-content\/uploads\/2017\/07\/IMG_2425-150x113.jpg 150w\" sizes=\"(max-width: 300px) 100vw, 300px\" \/><\/a><\/p>\n","protected":false},"excerpt":{"rendered":"<p>En ce dernier jour d&rsquo;\u00e9cole, un go\u00fbter offert par l&rsquo;APEL a\u00a0permis de regrouper tous les \u00e9l\u00e8ves de l&rsquo;\u00e9cole. Situ\u00e9 \u00e0 la fin de la r\u00e9cr\u00e9ation de l&rsquo;apr\u00e8s-midi, ce fut un moment tr\u00e8s agr\u00e9able et appr\u00e9ci\u00e9 des enfants. A cette occasion, nous avons pu remercier et dire au revoir \u00e0 Ana\u00e8lle, Delphine et Charl\u00e8ne. &nbsp; &nbsp;<\/p>\n<p><a href=\"https:\/\/ecole-saint-aubin.fr\/index.php\/2017\/07\/08\/gouter-apel\/\" class=\"more-link themebutton\">Lire la suite<\/a><\/p>\n","protected":false},"author":8,"featured_media":2815,"comment_status":"open","ping_status":"open","sticky":false,"template":"","format":"standard","meta":{"ngg_post_thumbnail":0,"footnotes":""},"categories":[37,7,34],"tags":[],"_links":{"self":[{"href":"https:\/\/ecole-saint-aubin.fr\/index.php\/wp-json\/wp\/v2\/posts\/2814"}],"collection":[{"href":"https:\/\/ecole-saint-aubin.fr\/index.php\/wp-json\/wp\/v2\/posts"}],"about":[{"href":"https:\/\/ecole-saint-aubin.fr\/index.php\/wp-json\/wp\/v2\/types\/post"}],"author":[{"embeddable":true,"href":"https:\/\/ecole-saint-aubin.fr\/index.php\/wp-json\/wp\/v2\/users\/8"}],"replies":[{"embeddable":true,"href":"https:\/\/ecole-saint-aubin.fr\/index.php\/wp-json\/wp\/v2\/comments?post=2814"}],"version-history":[{"count":1,"href":"https:\/\/ecole-saint-aubin.fr\/index.php\/wp-json\/wp\/v2\/posts\/2814\/revisions"}],"predecessor-version":[{"id":2820,"href":"https:\/\/ecole-saint-aubin.fr\/index.php\/wp-json\/wp\/v2\/posts\/2814\/revisions\/2820"}],"wp:featuredmedia":[{"embeddable":true,"href":"https:\/\/ecole-saint-aubin.fr\/index.php\/wp-json\/wp\/v2\/media\/2815"}],"wp:attachment":[{"href":"https:\/\/ecole-saint-aubin.fr\/index.php\/wp-json\/wp\/v2\/media?parent=2814"}],"wp:term":[{"taxonomy":"category","embeddable":true,"href":"https:\/\/ecole-saint-aubin.fr\/index.php\/wp-json\/wp\/v2\/categories?post=2814"},{"taxonomy":"post_tag","embeddable":true,"href":"https:\/\/ecole-saint-aubin.fr\/index.php\/wp-json\/wp\/v2\/tags?post=2814"}],"curies":[{"name":"wp","href":"https:\/\/api.w.org\/{rel}","templated":true}]}}