{"id":1957,"date":"2016-12-14T17:21:48","date_gmt":"2016-12-14T16:21:48","guid":{"rendered":"http:\/\/ecole-saint-aubin.fr\/?p=1957"},"modified":"2016-12-14T17:21:48","modified_gmt":"2016-12-14T16:21:48","slug":"pele-mele","status":"publish","type":"post","link":"https:\/\/ecole-saint-aubin.fr\/index.php\/2016\/12\/14\/pele-mele\/","title":{"rendered":"P\u00eale-m\u00eale"},"content":{"rendered":"\n\t\t<style type=\"text\/css\">\n\t\t\t#gallery-1 {\n\t\t\t\tmargin: auto;\n\t\t\t}\n\t\t\t#gallery-1 .gallery-item {\n\t\t\t\tfloat: left;\n\t\t\t\tmargin-top: 10px;\n\t\t\t\ttext-align: center;\n\t\t\t\twidth: 33%;\n\t\t\t}\n\t\t\t#gallery-1 img {\n\t\t\t\tborder: 2px solid #cfcfcf;\n\t\t\t}\n\t\t\t#gallery-1 .gallery-caption {\n\t\t\t\tmargin-left: 0;\n\t\t\t}\n\t\t\t\/* see gallery_shortcode() in wp-includes\/media.php *\/\n\t\t<\/style>\n\t\t<div id='gallery-1' class='gallery galleryid-1957 gallery-columns-3 gallery-size-thumbnail'><dl class='gallery-item'>\n\t\t\t<dt class='gallery-icon portrait'>\n\t\t\t\t<a href='https:\/\/ecole-saint-aubin.fr\/index.php\/2016\/12\/14\/pele-mele\/img_1946\/#main'><img loading=\"lazy\" decoding=\"async\" width=\"150\" height=\"150\" src=\"https:\/\/ecole-saint-aubin.fr\/wp-content\/uploads\/2016\/12\/IMG_1946-e1481731254279-150x150.jpg\" class=\"attachment-thumbnail size-thumbnail\" alt=\"\" aria-describedby=\"gallery-1-1959\" \/><\/a>\n\t\t\t<\/dt>\n\t\t\t\t<dd class='wp-caption-text gallery-caption' id='gallery-1-1959'>\n\t\t\t\tEvan a profit\u00e9 d&rsquo;un temps d&rsquo;autonomie pour r\u00e9aliser le puzzle g\u00e9ant sur les chevaliers.\n\t\t\t\t<\/dd><\/dl><dl class='gallery-item'>\n\t\t\t<dt class='gallery-icon portrait'>\n\t\t\t\t<a href='https:\/\/ecole-saint-aubin.fr\/index.php\/2016\/12\/14\/pele-mele\/img_1954\/#main'><img loading=\"lazy\" decoding=\"async\" width=\"150\" height=\"150\" src=\"https:\/\/ecole-saint-aubin.fr\/wp-content\/uploads\/2016\/12\/IMG_1954-e1481731340261-150x150.jpg\" class=\"attachment-thumbnail size-thumbnail\" alt=\"\" aria-describedby=\"gallery-1-1962\" \/><\/a>\n\t\t\t<\/dt>\n\t\t\t\t<dd class='wp-caption-text gallery-caption' id='gallery-1-1962'>\n\t\t\t\tMiliana et Elyne ont construit quelque chose&#8230; \n\t\t\t\t<\/dd><\/dl><dl class='gallery-item'>\n\t\t\t<dt class='gallery-icon landscape'>\n\t\t\t\t<a href='https:\/\/ecole-saint-aubin.fr\/img_1931\/'><img loading=\"lazy\" decoding=\"async\" width=\"150\" height=\"150\" src=\"https:\/\/ecole-saint-aubin.fr\/wp-content\/uploads\/2016\/12\/IMG_1931-150x150.jpg\" class=\"attachment-thumbnail size-thumbnail\" alt=\"\" aria-describedby=\"gallery-1-1956\" \/><\/a>\n\t\t\t<\/dt>\n\t\t\t\t<dd class='wp-caption-text gallery-caption' id='gallery-1-1956'>\n\t\t\t\tCl\u00e9ment et Evan ont r\u00e9alis\u00e9 le puzzle g\u00e9ant en coop\u00e9ration.\n\t\t\t\t<\/dd><\/dl><br style=\"clear: both\" \/>\n\t\t<\/div>\n\n\n\t\t<style type=\"text\/css\">\n\t\t\t#gallery-2 {\n\t\t\t\tmargin: auto;\n\t\t\t}\n\t\t\t#gallery-2 .gallery-item {\n\t\t\t\tfloat: left;\n\t\t\t\tmargin-top: 10px;\n\t\t\t\ttext-align: center;\n\t\t\t\twidth: 33%;\n\t\t\t}\n\t\t\t#gallery-2 img {\n\t\t\t\tborder: 2px solid #cfcfcf;\n\t\t\t}\n\t\t\t#gallery-2 .gallery-caption {\n\t\t\t\tmargin-left: 0;\n\t\t\t}\n\t\t\t\/* see gallery_shortcode() in wp-includes\/media.php *\/\n\t\t<\/style>\n\t\t<div id='gallery-2' class='gallery galleryid-1957 gallery-columns-3 gallery-size-thumbnail'><dl class='gallery-item'>\n\t\t\t<dt class='gallery-icon portrait'>\n\t\t\t\t<a href='https:\/\/ecole-saint-aubin.fr\/index.php\/2016\/12\/14\/pele-mele\/img_1956\/#main'><img loading=\"lazy\" decoding=\"async\" width=\"150\" height=\"150\" src=\"https:\/\/ecole-saint-aubin.fr\/wp-content\/uploads\/2016\/12\/IMG_1956-e1481731386670-150x150.jpg\" class=\"attachment-thumbnail size-thumbnail\" alt=\"\" aria-describedby=\"gallery-2-1963\" \/><\/a>\n\t\t\t<\/dt>\n\t\t\t\t<dd class='wp-caption-text gallery-caption' id='gallery-2-1963'>\n\t\t\t\tThibault se d\u00e9couvre une vocation d&rsquo;\u00e9quilibriste.\n\t\t\t\t<\/dd><\/dl><dl class='gallery-item'>\n\t\t\t<dt class='gallery-icon portrait'>\n\t\t\t\t<a href='https:\/\/ecole-saint-aubin.fr\/index.php\/2016\/12\/14\/pele-mele\/img_1947\/#main'><img loading=\"lazy\" decoding=\"async\" width=\"150\" height=\"150\" src=\"https:\/\/ecole-saint-aubin.fr\/wp-content\/uploads\/2016\/12\/IMG_1947-e1481731280304-150x150.jpg\" class=\"attachment-thumbnail size-thumbnail\" alt=\"\" aria-describedby=\"gallery-2-1960\" \/><\/a>\n\t\t\t<\/dt>\n\t\t\t\t<dd class='wp-caption-text gallery-caption' id='gallery-2-1960'>\n\t\t\t\tRobin s&rsquo;initie au Tchoukball.\n\t\t\t\t<\/dd><\/dl><dl class='gallery-item'>\n\t\t\t<dt class='gallery-icon portrait'>\n\t\t\t\t<a href='https:\/\/ecole-saint-aubin.fr\/index.php\/2016\/12\/14\/pele-mele\/img_1948\/#main'><img loading=\"lazy\" decoding=\"async\" width=\"150\" height=\"150\" src=\"https:\/\/ecole-saint-aubin.fr\/wp-content\/uploads\/2016\/12\/IMG_1948-e1481731320824-150x150.jpg\" class=\"attachment-thumbnail size-thumbnail\" alt=\"\" aria-describedby=\"gallery-2-1961\" \/><\/a>\n\t\t\t<\/dt>\n\t\t\t\t<dd class='wp-caption-text gallery-caption' id='gallery-2-1961'>\n\t\t\t\tAxel s&rsquo;initie lui aussi au Tchoukball tandis que Matt\u00e9o pose pour les photographes.\n\t\t\t\t<\/dd><\/dl><br style=\"clear: both\" \/>\n\t\t<\/div>\n\n<div id=\"attachment_1958\" style=\"width: 310px\" class=\"wp-caption aligncenter\"><a href=\"http:\/\/ecole-saint-aubin.fr\/wp-content\/uploads\/2016\/12\/IMG_1935.jpg\"><img loading=\"lazy\" decoding=\"async\" aria-describedby=\"caption-attachment-1958\" class=\"size-medium wp-image-1958\" src=\"http:\/\/ecole-saint-aubin.fr\/wp-content\/uploads\/2016\/12\/IMG_1935-300x225.jpg\" alt=\"Le 28 novembre, deux \u00e9l\u00e8ves de la classe de Coralie sont venus demander aux \u00e9l\u00e8ves de la classe ce qu'ils souhaiteraient am\u00e9liorer dans la cour. Ils ont ensuite rapport\u00e9 ces demandes \u00e0 Sandrine.\" width=\"300\" height=\"225\" srcset=\"https:\/\/ecole-saint-aubin.fr\/wp-content\/uploads\/2016\/12\/IMG_1935-300x225.jpg 300w, https:\/\/ecole-saint-aubin.fr\/wp-content\/uploads\/2016\/12\/IMG_1935-768x576.jpg 768w, https:\/\/ecole-saint-aubin.fr\/wp-content\/uploads\/2016\/12\/IMG_1935-1024x768.jpg 1024w\" sizes=\"(max-width: 300px) 100vw, 300px\" \/><\/a><p id=\"caption-attachment-1958\" class=\"wp-caption-text\">Le 28 novembre, deux \u00e9l\u00e8ves de la classe de Coralie sont venus demander aux \u00e9l\u00e8ves de la classe ce qu&rsquo;ils souhaiteraient am\u00e9liorer dans la cour.<br \/>Ils ont ensuite rapport\u00e9 ces demandes \u00e0 Sandrine.<\/p><\/div>\n<div id=\"attachment_1964\" style=\"width: 310px\" class=\"wp-caption aligncenter\"><a href=\"http:\/\/ecole-saint-aubin.fr\/wp-content\/uploads\/2016\/12\/IMG_1957.jpg\"><img loading=\"lazy\" decoding=\"async\" aria-describedby=\"caption-attachment-1964\" class=\"size-medium wp-image-1964\" src=\"http:\/\/ecole-saint-aubin.fr\/wp-content\/uploads\/2016\/12\/IMG_1957-300x225.jpg\" alt=\"Chant de No\u00ebl sur la sc\u00e8ne du th\u00e9\u00e2tre. Les \u00e9l\u00e8ves ont ador\u00e9 ce moment.\" width=\"300\" height=\"225\" srcset=\"https:\/\/ecole-saint-aubin.fr\/wp-content\/uploads\/2016\/12\/IMG_1957-300x225.jpg 300w, https:\/\/ecole-saint-aubin.fr\/wp-content\/uploads\/2016\/12\/IMG_1957-768x576.jpg 768w, https:\/\/ecole-saint-aubin.fr\/wp-content\/uploads\/2016\/12\/IMG_1957-1024x768.jpg 1024w\" sizes=\"(max-width: 300px) 100vw, 300px\" \/><\/a><p id=\"caption-attachment-1964\" class=\"wp-caption-text\">Chant de No\u00ebl sur la sc\u00e8ne du th\u00e9\u00e2tre. Les \u00e9l\u00e8ves ont ador\u00e9 ce moment.<\/p><\/div>\n<div id=\"attachment_1965\" style=\"width: 235px\" class=\"wp-caption aligncenter\"><a href=\"http:\/\/ecole-saint-aubin.fr\/wp-content\/uploads\/2016\/12\/IMG_1959-e1481731483540.jpg\"><img loading=\"lazy\" decoding=\"async\" aria-describedby=\"caption-attachment-1965\" class=\"size-medium wp-image-1965\" src=\"http:\/\/ecole-saint-aubin.fr\/wp-content\/uploads\/2016\/12\/IMG_1959-e1481731483540-225x300.jpg\" alt=\"Le 13 d\u00e9cembre, les \u00e9l\u00e8ves de la classe ont d\u00e9gust\u00e9 des roses des sables pr\u00e9par\u00e9es par les PPS-PS. Ils ont trouv\u00e9 cela d\u00e9licieux.\" width=\"225\" height=\"300\" srcset=\"https:\/\/ecole-saint-aubin.fr\/wp-content\/uploads\/2016\/12\/IMG_1959-e1481731483540-225x300.jpg 225w, https:\/\/ecole-saint-aubin.fr\/wp-content\/uploads\/2016\/12\/IMG_1959-e1481731483540-768x1024.jpg 768w\" sizes=\"(max-width: 225px) 100vw, 225px\" \/><\/a><p id=\"caption-attachment-1965\" class=\"wp-caption-text\">Le 13 d\u00e9cembre, les \u00e9l\u00e8ves de la classe ont d\u00e9gust\u00e9 des roses des sables pr\u00e9par\u00e9es par les PPS-PS.<br \/>Ils ont trouv\u00e9 cela d\u00e9licieux.<\/p><\/div>\n","protected":false},"excerpt":{"rendered":"","protected":false},"author":8,"featured_media":0,"comment_status":"open","ping_status":"open","sticky":false,"template":"","format":"standard","meta":{"ngg_post_thumbnail":0,"footnotes":""},"categories":[28],"tags":[],"_links":{"self":[{"href":"https:\/\/ecole-saint-aubin.fr\/index.php\/wp-json\/wp\/v2\/posts\/1957"}],"collection":[{"href":"https:\/\/ecole-saint-aubin.fr\/index.php\/wp-json\/wp\/v2\/posts"}],"about":[{"href":"https:\/\/ecole-saint-aubin.fr\/index.php\/wp-json\/wp\/v2\/types\/post"}],"author":[{"embeddable":true,"href":"https:\/\/ecole-saint-aubin.fr\/index.php\/wp-json\/wp\/v2\/users\/8"}],"replies":[{"embeddable":true,"href":"https:\/\/ecole-saint-aubin.fr\/index.php\/wp-json\/wp\/v2\/comments?post=1957"}],"version-history":[{"count":1,"href":"https:\/\/ecole-saint-aubin.fr\/index.php\/wp-json\/wp\/v2\/posts\/1957\/revisions"}],"predecessor-version":[{"id":1966,"href":"https:\/\/ecole-saint-aubin.fr\/index.php\/wp-json\/wp\/v2\/posts\/1957\/revisions\/1966"}],"wp:attachment":[{"href":"https:\/\/ecole-saint-aubin.fr\/index.php\/wp-json\/wp\/v2\/media?parent=1957"}],"wp:term":[{"taxonomy":"category","embeddable":true,"href":"https:\/\/ecole-saint-aubin.fr\/index.php\/wp-json\/wp\/v2\/categories?post=1957"},{"taxonomy":"post_tag","embeddable":true,"href":"https:\/\/ecole-saint-aubin.fr\/index.php\/wp-json\/wp\/v2\/tags?post=1957"}],"curies":[{"name":"wp","href":"https:\/\/api.w.org\/{rel}","templated":true}]}}