{"id":1921,"date":"2016-12-05T18:09:55","date_gmt":"2016-12-05T17:09:55","guid":{"rendered":"http:\/\/ecole-saint-aubin.fr\/?p=1921"},"modified":"2016-12-05T18:09:55","modified_gmt":"2016-12-05T17:09:55","slug":"noel-en-classe","status":"publish","type":"post","link":"https:\/\/ecole-saint-aubin.fr\/index.php\/2016\/12\/05\/noel-en-classe\/","title":{"rendered":"No\u00ebl en classe!"},"content":{"rendered":"<p style=\"text-align: center\">Le mois de d\u00e9cembre est arriv\u00e9! Alors nous avons d\u00e9cor\u00e9 notre classe avec quelques guirlandes et un beau sapin avec la cr\u00e8che ont pris place dans le coin biblioth\u00e8que !<\/p>\n<p style=\"text-align: center\"><a href=\"http:\/\/ecole-saint-aubin.fr\/wp-content\/uploads\/2016\/12\/DSC05740.jpg\"><img loading=\"lazy\" decoding=\"async\" class=\"alignnone size-medium wp-image-1922\" src=\"http:\/\/ecole-saint-aubin.fr\/wp-content\/uploads\/2016\/12\/DSC05740-225x300.jpg\" alt=\"dsc05740\" width=\"225\" height=\"300\" srcset=\"https:\/\/ecole-saint-aubin.fr\/wp-content\/uploads\/2016\/12\/DSC05740-225x300.jpg 225w, https:\/\/ecole-saint-aubin.fr\/wp-content\/uploads\/2016\/12\/DSC05740-768x1024.jpg 768w\" sizes=\"(max-width: 225px) 100vw, 225px\" \/><\/a><\/p>\n<p style=\"text-align: center\">Nous avons aussi un calendrier de l&rsquo;avent:<\/p>\n<p style=\"text-align: center\">10 jours d&rsquo;\u00e9cole avant les vacances de No\u00ebl = 10 \u00e9nigmes de No\u00ebl \u00e0 r\u00e9soudre si nous voulons avoir notre surprise!!!<\/p>\n<p style=\"text-align: center\"><a href=\"http:\/\/ecole-saint-aubin.fr\/wp-content\/uploads\/2016\/12\/DSC05742.jpg\"><img loading=\"lazy\" decoding=\"async\" class=\"alignnone size-medium wp-image-1923\" src=\"http:\/\/ecole-saint-aubin.fr\/wp-content\/uploads\/2016\/12\/DSC05742-225x300.jpg\" alt=\"dsc05742\" width=\"225\" height=\"300\" srcset=\"https:\/\/ecole-saint-aubin.fr\/wp-content\/uploads\/2016\/12\/DSC05742-225x300.jpg 225w, https:\/\/ecole-saint-aubin.fr\/wp-content\/uploads\/2016\/12\/DSC05742-768x1024.jpg 768w\" sizes=\"(max-width: 225px) 100vw, 225px\" \/><\/a><\/p>\n<p>&nbsp;<\/p>\n<p>&nbsp;<\/p>\n","protected":false},"excerpt":{"rendered":"<p>Le mois de d\u00e9cembre est arriv\u00e9! Alors nous avons d\u00e9cor\u00e9 notre classe avec quelques guirlandes et un beau sapin avec la cr\u00e8che ont pris place dans le coin biblioth\u00e8que ! Nous avons aussi un calendrier de l&rsquo;avent: 10 jours d&rsquo;\u00e9cole avant les vacances de No\u00ebl = 10 \u00e9nigmes de No\u00ebl \u00e0 r\u00e9soudre si nous voulons<\/p>\n<p><a href=\"https:\/\/ecole-saint-aubin.fr\/index.php\/2016\/12\/05\/noel-en-classe\/\" class=\"more-link themebutton\">Lire la suite<\/a><\/p>\n","protected":false},"author":4,"featured_media":0,"comment_status":"open","ping_status":"open","sticky":false,"template":"","format":"standard","meta":{"ngg_post_thumbnail":0,"footnotes":""},"categories":[26],"tags":[],"_links":{"self":[{"href":"https:\/\/ecole-saint-aubin.fr\/index.php\/wp-json\/wp\/v2\/posts\/1921"}],"collection":[{"href":"https:\/\/ecole-saint-aubin.fr\/index.php\/wp-json\/wp\/v2\/posts"}],"about":[{"href":"https:\/\/ecole-saint-aubin.fr\/index.php\/wp-json\/wp\/v2\/types\/post"}],"author":[{"embeddable":true,"href":"https:\/\/ecole-saint-aubin.fr\/index.php\/wp-json\/wp\/v2\/users\/4"}],"replies":[{"embeddable":true,"href":"https:\/\/ecole-saint-aubin.fr\/index.php\/wp-json\/wp\/v2\/comments?post=1921"}],"version-history":[{"count":1,"href":"https:\/\/ecole-saint-aubin.fr\/index.php\/wp-json\/wp\/v2\/posts\/1921\/revisions"}],"predecessor-version":[{"id":1924,"href":"https:\/\/ecole-saint-aubin.fr\/index.php\/wp-json\/wp\/v2\/posts\/1921\/revisions\/1924"}],"wp:attachment":[{"href":"https:\/\/ecole-saint-aubin.fr\/index.php\/wp-json\/wp\/v2\/media?parent=1921"}],"wp:term":[{"taxonomy":"category","embeddable":true,"href":"https:\/\/ecole-saint-aubin.fr\/index.php\/wp-json\/wp\/v2\/categories?post=1921"},{"taxonomy":"post_tag","embeddable":true,"href":"https:\/\/ecole-saint-aubin.fr\/index.php\/wp-json\/wp\/v2\/tags?post=1921"}],"curies":[{"name":"wp","href":"https:\/\/api.w.org\/{rel}","templated":true}]}}