{"id":10511,"date":"2022-04-12T22:49:35","date_gmt":"2022-04-12T20:49:35","guid":{"rendered":"https:\/\/ecole-saint-aubin.fr\/?p=10511"},"modified":"2022-04-12T22:49:35","modified_gmt":"2022-04-12T20:49:35","slug":"anniversaires-2","status":"publish","type":"post","link":"https:\/\/ecole-saint-aubin.fr\/index.php\/2022\/04\/12\/anniversaires-2\/","title":{"rendered":"Anniversaires!!!"},"content":{"rendered":"<p>Avant de partir en vacances, Charly, Yana\u00ebl et Rose ont pr\u00e9par\u00e9 \u00e0 leurs camarades, un bon g\u00e2teau \u00ab\u00a0chenille \u00e0 l&rsquo;occasion de leurs anniversaires. Nous nous sommes r\u00e9gal\u00e9s&#8230;<\/p>\n<p>Joyeux anniversaires et bonnes vacances \u00e0 tous<\/p>\n<p>&nbsp;<\/p>\n<p>&nbsp;<\/p>\n<p><a href=\"https:\/\/ecole-saint-aubin.fr\/wp-content\/uploads\/2022\/04\/IMG_6869-scaled.jpeg\"><img loading=\"lazy\" decoding=\"async\" class=\"alignnone size-medium wp-image-10512\" src=\"https:\/\/ecole-saint-aubin.fr\/wp-content\/uploads\/2022\/04\/IMG_6869-300x225.jpeg\" alt=\"\" width=\"300\" height=\"225\" srcset=\"https:\/\/ecole-saint-aubin.fr\/wp-content\/uploads\/2022\/04\/IMG_6869-300x225.jpeg 300w, https:\/\/ecole-saint-aubin.fr\/wp-content\/uploads\/2022\/04\/IMG_6869-1024x768.jpeg 1024w, https:\/\/ecole-saint-aubin.fr\/wp-content\/uploads\/2022\/04\/IMG_6869-768x576.jpeg 768w, https:\/\/ecole-saint-aubin.fr\/wp-content\/uploads\/2022\/04\/IMG_6869-1536x1152.jpeg 1536w, https:\/\/ecole-saint-aubin.fr\/wp-content\/uploads\/2022\/04\/IMG_6869-2048x1536.jpeg 2048w\" sizes=\"(max-width: 300px) 100vw, 300px\" \/><\/a> <a href=\"https:\/\/ecole-saint-aubin.fr\/wp-content\/uploads\/2022\/04\/IMG_6870-scaled.jpeg\"><img loading=\"lazy\" decoding=\"async\" class=\"alignnone size-medium wp-image-10513\" src=\"https:\/\/ecole-saint-aubin.fr\/wp-content\/uploads\/2022\/04\/IMG_6870-225x300.jpeg\" alt=\"\" width=\"225\" height=\"300\" srcset=\"https:\/\/ecole-saint-aubin.fr\/wp-content\/uploads\/2022\/04\/IMG_6870-225x300.jpeg 225w, https:\/\/ecole-saint-aubin.fr\/wp-content\/uploads\/2022\/04\/IMG_6870-768x1024.jpeg 768w, https:\/\/ecole-saint-aubin.fr\/wp-content\/uploads\/2022\/04\/IMG_6870-1152x1536.jpeg 1152w, https:\/\/ecole-saint-aubin.fr\/wp-content\/uploads\/2022\/04\/IMG_6870-1536x2048.jpeg 1536w, https:\/\/ecole-saint-aubin.fr\/wp-content\/uploads\/2022\/04\/IMG_6870-scaled.jpeg 1920w\" sizes=\"(max-width: 225px) 100vw, 225px\" \/><\/a> <a href=\"https:\/\/ecole-saint-aubin.fr\/wp-content\/uploads\/2022\/04\/IMG_6871-scaled.jpeg\"><img loading=\"lazy\" decoding=\"async\" class=\"alignnone size-medium wp-image-10514\" src=\"https:\/\/ecole-saint-aubin.fr\/wp-content\/uploads\/2022\/04\/IMG_6871-225x300.jpeg\" alt=\"\" width=\"225\" height=\"300\" srcset=\"https:\/\/ecole-saint-aubin.fr\/wp-content\/uploads\/2022\/04\/IMG_6871-225x300.jpeg 225w, https:\/\/ecole-saint-aubin.fr\/wp-content\/uploads\/2022\/04\/IMG_6871-768x1024.jpeg 768w, https:\/\/ecole-saint-aubin.fr\/wp-content\/uploads\/2022\/04\/IMG_6871-1152x1536.jpeg 1152w, https:\/\/ecole-saint-aubin.fr\/wp-content\/uploads\/2022\/04\/IMG_6871-1536x2048.jpeg 1536w, https:\/\/ecole-saint-aubin.fr\/wp-content\/uploads\/2022\/04\/IMG_6871-scaled.jpeg 1920w\" sizes=\"(max-width: 225px) 100vw, 225px\" \/><\/a> <a href=\"https:\/\/ecole-saint-aubin.fr\/wp-content\/uploads\/2022\/04\/IMG_6872-scaled.jpeg\"><img loading=\"lazy\" decoding=\"async\" class=\"alignnone size-medium wp-image-10515\" src=\"https:\/\/ecole-saint-aubin.fr\/wp-content\/uploads\/2022\/04\/IMG_6872-300x225.jpeg\" alt=\"\" width=\"300\" height=\"225\" srcset=\"https:\/\/ecole-saint-aubin.fr\/wp-content\/uploads\/2022\/04\/IMG_6872-300x225.jpeg 300w, https:\/\/ecole-saint-aubin.fr\/wp-content\/uploads\/2022\/04\/IMG_6872-1024x768.jpeg 1024w, https:\/\/ecole-saint-aubin.fr\/wp-content\/uploads\/2022\/04\/IMG_6872-768x576.jpeg 768w, https:\/\/ecole-saint-aubin.fr\/wp-content\/uploads\/2022\/04\/IMG_6872-1536x1152.jpeg 1536w, https:\/\/ecole-saint-aubin.fr\/wp-content\/uploads\/2022\/04\/IMG_6872-2048x1536.jpeg 2048w\" sizes=\"(max-width: 300px) 100vw, 300px\" \/><\/a><\/p>\n","protected":false},"excerpt":{"rendered":"<p>Avant de partir en vacances, Charly, Yana\u00ebl et Rose ont pr\u00e9par\u00e9 \u00e0 leurs camarades, un bon g\u00e2teau \u00ab\u00a0chenille \u00e0 l&rsquo;occasion de leurs anniversaires. Nous nous sommes r\u00e9gal\u00e9s&#8230; Joyeux anniversaires et bonnes vacances \u00e0 tous &nbsp; &nbsp;<\/p>\n","protected":false},"author":7,"featured_media":10515,"comment_status":"closed","ping_status":"closed","sticky":false,"template":"","format":"standard","meta":{"ngg_post_thumbnail":0,"footnotes":""},"categories":[7],"tags":[],"_links":{"self":[{"href":"https:\/\/ecole-saint-aubin.fr\/index.php\/wp-json\/wp\/v2\/posts\/10511"}],"collection":[{"href":"https:\/\/ecole-saint-aubin.fr\/index.php\/wp-json\/wp\/v2\/posts"}],"about":[{"href":"https:\/\/ecole-saint-aubin.fr\/index.php\/wp-json\/wp\/v2\/types\/post"}],"author":[{"embeddable":true,"href":"https:\/\/ecole-saint-aubin.fr\/index.php\/wp-json\/wp\/v2\/users\/7"}],"replies":[{"embeddable":true,"href":"https:\/\/ecole-saint-aubin.fr\/index.php\/wp-json\/wp\/v2\/comments?post=10511"}],"version-history":[{"count":1,"href":"https:\/\/ecole-saint-aubin.fr\/index.php\/wp-json\/wp\/v2\/posts\/10511\/revisions"}],"predecessor-version":[{"id":10517,"href":"https:\/\/ecole-saint-aubin.fr\/index.php\/wp-json\/wp\/v2\/posts\/10511\/revisions\/10517"}],"wp:featuredmedia":[{"embeddable":true,"href":"https:\/\/ecole-saint-aubin.fr\/index.php\/wp-json\/wp\/v2\/media\/10515"}],"wp:attachment":[{"href":"https:\/\/ecole-saint-aubin.fr\/index.php\/wp-json\/wp\/v2\/media?parent=10511"}],"wp:term":[{"taxonomy":"category","embeddable":true,"href":"https:\/\/ecole-saint-aubin.fr\/index.php\/wp-json\/wp\/v2\/categories?post=10511"},{"taxonomy":"post_tag","embeddable":true,"href":"https:\/\/ecole-saint-aubin.fr\/index.php\/wp-json\/wp\/v2\/tags?post=10511"}],"curies":[{"name":"wp","href":"https:\/\/api.w.org\/{rel}","templated":true}]}}