{"id":10500,"date":"2022-04-12T22:32:53","date_gmt":"2022-04-12T20:32:53","guid":{"rendered":"https:\/\/ecole-saint-aubin.fr\/?p=10500"},"modified":"2022-04-12T22:32:53","modified_gmt":"2022-04-12T20:32:53","slug":"une-fleur-pour-la-planete","status":"publish","type":"post","link":"https:\/\/ecole-saint-aubin.fr\/index.php\/2022\/04\/12\/une-fleur-pour-la-planete\/","title":{"rendered":"Une fleur pour la plan\u00e8te"},"content":{"rendered":"<p>Pendant trois semaines, tous les \u00e9l\u00e8ves de l&rsquo;\u00e9cole ont particip\u00e9 au projet \u00ab\u00a0Ma petite plan\u00e8te\u00a0\u00bb. Ils ont r\u00e9alis\u00e9 des d\u00e9fis \u00e9cocitoyens en famille et \u00e0 l&rsquo;\u00e9cole. Pour montrer leur engagement dans la protection de l&rsquo;environnement, ils ont \u00e9galement form\u00e9 une belle fleur et des banderoles ont \u00e9t\u00e9 fabriqu\u00e9es par toutes les classes.<\/p>\n<p>Bravo les enfants!!!<\/p>\n<p>&nbsp;<\/p>\n<p><a href=\"https:\/\/ecole-saint-aubin.fr\/wp-content\/uploads\/2022\/04\/Resized_20220401_100155.jpg\"><img loading=\"lazy\" decoding=\"async\" class=\"alignnone size-medium wp-image-10502\" src=\"https:\/\/ecole-saint-aubin.fr\/wp-content\/uploads\/2022\/04\/Resized_20220401_100155-225x300.jpg\" alt=\"\" width=\"225\" height=\"300\" srcset=\"https:\/\/ecole-saint-aubin.fr\/wp-content\/uploads\/2022\/04\/Resized_20220401_100155-225x300.jpg 225w, https:\/\/ecole-saint-aubin.fr\/wp-content\/uploads\/2022\/04\/Resized_20220401_100155-768x1024.jpg 768w, https:\/\/ecole-saint-aubin.fr\/wp-content\/uploads\/2022\/04\/Resized_20220401_100155.jpg 1080w\" sizes=\"(max-width: 225px) 100vw, 225px\" \/><\/a><a href=\"https:\/\/ecole-saint-aubin.fr\/wp-content\/uploads\/2022\/04\/IMG_6777-scaled.jpeg\"><img loading=\"lazy\" decoding=\"async\" class=\"alignnone size-medium wp-image-10503\" src=\"https:\/\/ecole-saint-aubin.fr\/wp-content\/uploads\/2022\/04\/IMG_6777-300x225.jpeg\" alt=\"\" width=\"300\" height=\"225\" srcset=\"https:\/\/ecole-saint-aubin.fr\/wp-content\/uploads\/2022\/04\/IMG_6777-300x225.jpeg 300w, https:\/\/ecole-saint-aubin.fr\/wp-content\/uploads\/2022\/04\/IMG_6777-1024x768.jpeg 1024w, https:\/\/ecole-saint-aubin.fr\/wp-content\/uploads\/2022\/04\/IMG_6777-768x576.jpeg 768w, https:\/\/ecole-saint-aubin.fr\/wp-content\/uploads\/2022\/04\/IMG_6777-1536x1152.jpeg 1536w, https:\/\/ecole-saint-aubin.fr\/wp-content\/uploads\/2022\/04\/IMG_6777-2048x1536.jpeg 2048w\" sizes=\"(max-width: 300px) 100vw, 300px\" \/><\/a><a href=\"https:\/\/ecole-saint-aubin.fr\/wp-content\/uploads\/2022\/04\/IMG_6778-scaled.jpeg\"><img loading=\"lazy\" decoding=\"async\" class=\"alignnone size-medium wp-image-10504\" src=\"https:\/\/ecole-saint-aubin.fr\/wp-content\/uploads\/2022\/04\/IMG_6778-300x225.jpeg\" alt=\"\" width=\"300\" height=\"225\" srcset=\"https:\/\/ecole-saint-aubin.fr\/wp-content\/uploads\/2022\/04\/IMG_6778-300x225.jpeg 300w, https:\/\/ecole-saint-aubin.fr\/wp-content\/uploads\/2022\/04\/IMG_6778-1024x768.jpeg 1024w, https:\/\/ecole-saint-aubin.fr\/wp-content\/uploads\/2022\/04\/IMG_6778-768x576.jpeg 768w, https:\/\/ecole-saint-aubin.fr\/wp-content\/uploads\/2022\/04\/IMG_6778-1536x1152.jpeg 1536w, https:\/\/ecole-saint-aubin.fr\/wp-content\/uploads\/2022\/04\/IMG_6778-2048x1536.jpeg 2048w\" sizes=\"(max-width: 300px) 100vw, 300px\" \/><\/a><a href=\"https:\/\/ecole-saint-aubin.fr\/wp-content\/uploads\/2022\/04\/IMG_6776-scaled.jpeg\"><img loading=\"lazy\" decoding=\"async\" class=\"alignnone size-medium wp-image-10507\" src=\"https:\/\/ecole-saint-aubin.fr\/wp-content\/uploads\/2022\/04\/IMG_6776-300x225.jpeg\" alt=\"\" width=\"300\" height=\"225\" srcset=\"https:\/\/ecole-saint-aubin.fr\/wp-content\/uploads\/2022\/04\/IMG_6776-300x225.jpeg 300w, https:\/\/ecole-saint-aubin.fr\/wp-content\/uploads\/2022\/04\/IMG_6776-1024x768.jpeg 1024w, https:\/\/ecole-saint-aubin.fr\/wp-content\/uploads\/2022\/04\/IMG_6776-768x576.jpeg 768w, https:\/\/ecole-saint-aubin.fr\/wp-content\/uploads\/2022\/04\/IMG_6776-1536x1152.jpeg 1536w, https:\/\/ecole-saint-aubin.fr\/wp-content\/uploads\/2022\/04\/IMG_6776-2048x1536.jpeg 2048w\" sizes=\"(max-width: 300px) 100vw, 300px\" \/><\/a><a href=\"https:\/\/ecole-saint-aubin.fr\/wp-content\/uploads\/2022\/04\/IMG_6779-scaled.jpeg\"><img loading=\"lazy\" decoding=\"async\" class=\"alignnone size-medium wp-image-10505\" src=\"https:\/\/ecole-saint-aubin.fr\/wp-content\/uploads\/2022\/04\/IMG_6779-300x225.jpeg\" alt=\"\" width=\"300\" height=\"225\" srcset=\"https:\/\/ecole-saint-aubin.fr\/wp-content\/uploads\/2022\/04\/IMG_6779-300x225.jpeg 300w, https:\/\/ecole-saint-aubin.fr\/wp-content\/uploads\/2022\/04\/IMG_6779-1024x768.jpeg 1024w, https:\/\/ecole-saint-aubin.fr\/wp-content\/uploads\/2022\/04\/IMG_6779-768x576.jpeg 768w, https:\/\/ecole-saint-aubin.fr\/wp-content\/uploads\/2022\/04\/IMG_6779-1536x1152.jpeg 1536w, https:\/\/ecole-saint-aubin.fr\/wp-content\/uploads\/2022\/04\/IMG_6779-2048x1536.jpeg 2048w\" sizes=\"(max-width: 300px) 100vw, 300px\" \/><\/a><a href=\"https:\/\/ecole-saint-aubin.fr\/wp-content\/uploads\/2022\/04\/IMG_6780-scaled.jpeg\"><img loading=\"lazy\" decoding=\"async\" class=\"alignnone size-medium wp-image-10506\" src=\"https:\/\/ecole-saint-aubin.fr\/wp-content\/uploads\/2022\/04\/IMG_6780-300x225.jpeg\" alt=\"\" width=\"300\" height=\"225\" srcset=\"https:\/\/ecole-saint-aubin.fr\/wp-content\/uploads\/2022\/04\/IMG_6780-300x225.jpeg 300w, https:\/\/ecole-saint-aubin.fr\/wp-content\/uploads\/2022\/04\/IMG_6780-1024x768.jpeg 1024w, https:\/\/ecole-saint-aubin.fr\/wp-content\/uploads\/2022\/04\/IMG_6780-768x576.jpeg 768w, https:\/\/ecole-saint-aubin.fr\/wp-content\/uploads\/2022\/04\/IMG_6780-1536x1152.jpeg 1536w, https:\/\/ecole-saint-aubin.fr\/wp-content\/uploads\/2022\/04\/IMG_6780-2048x1536.jpeg 2048w\" sizes=\"(max-width: 300px) 100vw, 300px\" \/><\/a><\/p>\n","protected":false},"excerpt":{"rendered":"<p>Pendant trois semaines, tous les \u00e9l\u00e8ves de l&rsquo;\u00e9cole ont particip\u00e9 au projet \u00ab\u00a0Ma petite plan\u00e8te\u00a0\u00bb. Ils ont r\u00e9alis\u00e9 des d\u00e9fis \u00e9cocitoyens en famille et \u00e0 l&rsquo;\u00e9cole. Pour montrer leur engagement dans la protection de l&rsquo;environnement, ils ont \u00e9galement form\u00e9 une belle fleur et des banderoles ont \u00e9t\u00e9 fabriqu\u00e9es par toutes les classes. Bravo les enfants!!!<\/p>\n<p><a href=\"https:\/\/ecole-saint-aubin.fr\/index.php\/2022\/04\/12\/une-fleur-pour-la-planete\/\" class=\"more-link themebutton\">Lire la suite<\/a><\/p>\n","protected":false},"author":7,"featured_media":10502,"comment_status":"closed","ping_status":"closed","sticky":false,"template":"","format":"standard","meta":{"ngg_post_thumbnail":0,"footnotes":""},"categories":[7],"tags":[],"_links":{"self":[{"href":"https:\/\/ecole-saint-aubin.fr\/index.php\/wp-json\/wp\/v2\/posts\/10500"}],"collection":[{"href":"https:\/\/ecole-saint-aubin.fr\/index.php\/wp-json\/wp\/v2\/posts"}],"about":[{"href":"https:\/\/ecole-saint-aubin.fr\/index.php\/wp-json\/wp\/v2\/types\/post"}],"author":[{"embeddable":true,"href":"https:\/\/ecole-saint-aubin.fr\/index.php\/wp-json\/wp\/v2\/users\/7"}],"replies":[{"embeddable":true,"href":"https:\/\/ecole-saint-aubin.fr\/index.php\/wp-json\/wp\/v2\/comments?post=10500"}],"version-history":[{"count":1,"href":"https:\/\/ecole-saint-aubin.fr\/index.php\/wp-json\/wp\/v2\/posts\/10500\/revisions"}],"predecessor-version":[{"id":10508,"href":"https:\/\/ecole-saint-aubin.fr\/index.php\/wp-json\/wp\/v2\/posts\/10500\/revisions\/10508"}],"wp:featuredmedia":[{"embeddable":true,"href":"https:\/\/ecole-saint-aubin.fr\/index.php\/wp-json\/wp\/v2\/media\/10502"}],"wp:attachment":[{"href":"https:\/\/ecole-saint-aubin.fr\/index.php\/wp-json\/wp\/v2\/media?parent=10500"}],"wp:term":[{"taxonomy":"category","embeddable":true,"href":"https:\/\/ecole-saint-aubin.fr\/index.php\/wp-json\/wp\/v2\/categories?post=10500"},{"taxonomy":"post_tag","embeddable":true,"href":"https:\/\/ecole-saint-aubin.fr\/index.php\/wp-json\/wp\/v2\/tags?post=10500"}],"curies":[{"name":"wp","href":"https:\/\/api.w.org\/{rel}","templated":true}]}}